{"id":13179,"date":"2012-08-19T02:51:38","date_gmt":"2012-08-19T02:51:38","guid":{"rendered":null},"modified":"-0001-11-30T00:00:00","modified_gmt":"-0001-11-30T00:00:00","slug":"set-up-the-council-rector-of-the-institute-of-biomedicine-of-malaga-to-promote-research","status":"publish","type":"post","link":"https:\/\/www.best-dentist-dentistry.com\/de\/set-up-the-council-rector-of-the-institute-of-biomedicine-of-malaga-to-promote-research\/13179","title":{"rendered":"set up the council rector of the institute of biomedicine of malaga to promote research"},"content":{"rendered":"<p class=\"first\"> MALAGA, 24 (EUROPA PRESS)<\/p>\n<p>Das Rektorat der Universit\u00e4t von Malaga (UMA) begr\u00fc\u00dft die Errichtung des Rates Rektor der Institute der Biomedizin von Malaga (Ibima), deren Ziel es ist, zu f\u00f6rdern, gemeinsam mit der akademischen Institution, Basic, klinische und \u00f6ffentliche Gesundheitsforschung, sowie die Translational mit verbesserten Transfer wissenschaftlichen Fortschritten bei der Pr\u00e4vention, Diagnose und Behandlung von gesundheitlichen Problemen in Andalusien h\u00e4ufiger.<\/p>\n<p>Die Ibima, deren Rat besteht aus zwei Vertretern der Universit\u00e4t, zwei der regionalen Ministerium der Gesundheit der autonomen Regierung und zwei von der andalusischen Health Service (SAS), ist eine multidisziplin\u00e4re biomedizinische Forschung, bestehend aus haupts\u00e4chlich das regionale Krankenhaus von Malaga und der Virgen De La Victoria, mit einem hohen Ma\u00df an Kindertagesst\u00e4tten.<\/p>\n<p>Es ist offen f\u00fcr alle Zentren des \u00f6ffentlichen Gesundheitswesens in der Provinz M\u00e1laga, beide Grundversorgung und spezialisiert. Ziel ist es, multidisziplin\u00e4re und wettbewerbsf\u00e4higen biomedizinische Forschung auf internationaler Ebene auf die Ursachen der Krankheiten, die am h\u00e4ufigsten in der Bev\u00f6lkerung und die Entwicklung neuer Methoden zur Diagnose und Behandlung f\u00fcr die gleiche durchzuf\u00fchren.<\/p>\n<p>In the Act wurde die Ernennung des Direktors, stellvertretender Direktor und Leiter der Ibima, Federico Soriguer, Maribel Lucena, Itziar Ochotorena. Dar\u00fcber hinaus hat der Aufruf f\u00fcr die Einbeziehung der Forschungsgruppen an diese Stelle, als auch hinsichtlich der Grundlagen f\u00fcr die Zusammensetzung des externen wissenschaftlichen vorgelegt.<\/p>\n<p>Die Verfassung des Rates besucht, unter anderem Rektor der UMA, Adelaida De La Calle, Vizerektor der Universit\u00e4t Koordination, Jose \u00c1ngel Narv\u00e1ez; der Generaldirektor von Qualit\u00e4t, Forschung, Entwicklung und Innovation des Ministeriums f\u00fcr Gesundheit, Jer\u00f3nimo Pach\u00f3n; der Generaldirektor des SAS, Jose Luis Gutierrez der Manager im Krankenhaus Virgen De La Victoria, Tom\u00e1s Urda und der Generaldirektor der Stiftung Gesundheit und FortschrittJuan Jesus Fahne.<\/p>\n<p>Absolventen Architektur<\/p>\n<p>Auf der anderen Seite, da die UMA wurde berichtet in einer Erkl\u00e4rung des hohen technischen Schule der Architektur bereits hat seine ersten f\u00fcnf Absolventen, einmal am 19. Juli abgeschlossen seine Studien vier Sch\u00fcler des Zentrums b\u00fcndeln Ana Garc\u00eda Puyol, die letztes Jahr geschlossen.<\/p>\n<p>Alejandro Garc\u00eda Ramos, Jaime Munn\u00e9 Quellen, Plaza Patricia Garc\u00eda und Carmen D\u00edaz S\u00e1nchez erhielt die positive Bewertung der Bewertung des Ausschusses f\u00fcr ihre Abschlussarbeit in Bef\u00fcrworter der kulturellen R\u00e4umen f\u00fcr Bildung und Wissenschaft.<\/p>\n<p>Arbeit, die als eine Enklave der Altbau des Astoria Kino, in der Plaza De La Merced, nehmen streben Zusammenarbeit zwischen der Schule f\u00fcr Architektur und Stadt. Dar\u00fcber hinaus verfolgen Studenten mit diesen \u00dcbungen auch zeigen, dass es andere M\u00f6glichkeiten tun anders als die etablierten Architektur.<\/p>\n<p>In diesem Sinne hat Alejandro Garc\u00eda erkl\u00e4rt, dass &#8220;die Architektur werden, als bearbeitbarer Proze\u00df in welchem Modi des Lebens stattfinden und wo der Benutzer Verbraucher an Teilnehmer in das Abenteuer der Verwirklichung der eigenen Wohnung \u00fcbergeben verstanden sollte&#8221;.<\/p>\n","protected":false},"excerpt":{"rendered":"<p>MALAGA, 24 (EUROPA PRESS) Das Rektorat der Universit\u00e4t von Malaga (UMA) begr\u00fc\u00dft die Errichtung des Rates Rektor der Institute der Biomedizin von Malaga (Ibima), deren Ziel es ist, zu f\u00f6rdern, gemeinsam mit der akademischen Institution, Basic, klinische und \u00f6ffentliche Gesundheitsforschung, sowie die Translational mit verbesserten Transfer wissenschaftlichen Fortschritten bei der Pr\u00e4vention, Diagnose und Behandlung von [&hellip;]<\/p>\n","protected":false},"author":1,"featured_media":0,"comment_status":"close","ping_status":"open","sticky":false,"template":"","format":"standard","meta":{"footnotes":""},"categories":[3],"tags":[],"class_list":["post-13179","post","type-post","status-publish","format-standard","hentry","category-allgemeine","et-doesnt-have-format-content","et_post_format-et-post-format-standard"],"_links":{"self":[{"href":"https:\/\/www.best-dentist-dentistry.com\/de\/wp-json\/wp\/v2\/posts\/13179","targetHints":{"allow":["GET"]}}],"collection":[{"href":"https:\/\/www.best-dentist-dentistry.com\/de\/wp-json\/wp\/v2\/posts"}],"about":[{"href":"https:\/\/www.best-dentist-dentistry.com\/de\/wp-json\/wp\/v2\/types\/post"}],"author":[{"embeddable":true,"href":"https:\/\/www.best-dentist-dentistry.com\/de\/wp-json\/wp\/v2\/users\/1"}],"replies":[{"embeddable":true,"href":"https:\/\/www.best-dentist-dentistry.com\/de\/wp-json\/wp\/v2\/comments?post=13179"}],"version-history":[{"count":0,"href":"https:\/\/www.best-dentist-dentistry.com\/de\/wp-json\/wp\/v2\/posts\/13179\/revisions"}],"wp:attachment":[{"href":"https:\/\/www.best-dentist-dentistry.com\/de\/wp-json\/wp\/v2\/media?parent=13179"}],"wp:term":[{"taxonomy":"category","embeddable":true,"href":"https:\/\/www.best-dentist-dentistry.com\/de\/wp-json\/wp\/v2\/categories?post=13179"},{"taxonomy":"post_tag","embeddable":true,"href":"https:\/\/www.best-dentist-dentistry.com\/de\/wp-json\/wp\/v2\/tags?post=13179"}],"curies":[{"name":"wp","href":"https:\/\/api.w.org\/{rel}","templated":true}]}}