{"id":1318,"date":"2013-06-04T11:19:25","date_gmt":"2013-06-04T11:19:25","guid":{"rendered":null},"modified":"2013-06-04T11:19:25","modified_gmt":"2013-06-04T11:19:25","slug":"arianespace-will-directv-for-latin-america-and-us-satellites-in-orbit","status":"publish","type":"post","link":"https:\/\/www.best-dentist-dentistry.com\/de\/arianespace-will-directv-for-latin-america-and-us-satellites-in-orbit\/1318","title":{"rendered":"Arianespace wird DirecTV f\u00fcr Lateinamerika und uns Satelliten im orbit"},"content":{"rendered":"<p>Paris, 13 Sep (EFE).-der europ\u00e4ischen Luft-und Konsortium Arianespace verk\u00fcndete heute die Unterzeichnung eines Vertrages f\u00fcr den Start von zwei Satelliten der amerikanischen Gruppe von TV DirecTV die Abdeckung auf Lateinamerika und die Vereinigten Staaten Willen.<\/p>\n<p>Einigkeit dar\u00fcber, dass die Operation, die m\u00f6chte, dass DirecTV st\u00e4rken ihr Angebot von Zeichenfolgen in drei Dimensionen (3D) und Videos \u00e0 la Carte, betrifft die M\u00f6glichkeit der Einbeziehung der anderen beiden Satellites in die Zukunft.<\/p>\n<p>2014 Und an Bord einer Ariane-5 Rakete Satelliten in die Umlaufbahn befindet, von der weltraumgest\u00fctzten Kur\u00fa, in Franz\u00f6sisch-Guayana, berichtet die Gruppe Europ\u00e4ische in einer Anweisung.<\/p>\n<p>Die Herstellung der ersten Ausgabe (DirecTV-14) ist bereits im Gange, in den Werkst\u00e4tten von der amerikanischen Firma Space Systems Loral, aber ist noch nicht bekannt, die die zweite (DirecTV-15) aufbauen wird.<\/p>\n<p>Technischer Direktor von DirecTV, Romulo Pontual, stellte fest, dass seine Firma &#8220;happy to (&#8230;)&#8221; hohe Ertr\u00e4ge und die Zuverl\u00e4ssigkeit der Ariane 5 &#8220;f\u00fcr die Einf\u00fchrung<\/p>\n<p>F\u00fcr seinen Teil, der Pr\u00e4sident von Arianespace, Jean-Yves Le Gall, einen Vertrag &#8220;von dieser Bedeutung&#8221; f\u00fcr seine Firma Anerkennung der &#8220;Zuverl\u00e4ssigkeit, Qualit\u00e4t und Wettbewerbsf\u00e4higkeit des Angebots&#8221;, bekannt obwohl es nicht hat \u00fcberschritt die Menge des Abkommens. EFE<\/p>\n","protected":false},"excerpt":{"rendered":"<p>Paris, 13 Sep (EFE).-der europ\u00e4ischen Luft-und Konsortium Arianespace verk\u00fcndete heute die Unterzeichnung eines Vertrages f\u00fcr den Start von zwei Satelliten der amerikanischen Gruppe von TV DirecTV die Abdeckung auf Lateinamerika und die Vereinigten Staaten Willen. Einigkeit dar\u00fcber, dass die Operation, die m\u00f6chte, dass DirecTV st\u00e4rken ihr Angebot von Zeichenfolgen in drei Dimensionen (3D) und Videos [&hellip;]<\/p>\n","protected":false},"author":1,"featured_media":0,"comment_status":"close","ping_status":"open","sticky":false,"template":"","format":"standard","meta":{"footnotes":""},"categories":[3],"tags":[5392,5393,5395,5394],"class_list":["post-1318","post","type-post","status-publish","format-standard","hentry","category-allgemeine","tag-arianespace","tag-directv","tag-orbit","tag-satelliten","et-doesnt-have-format-content","et_post_format-et-post-format-standard"],"_links":{"self":[{"href":"https:\/\/www.best-dentist-dentistry.com\/de\/wp-json\/wp\/v2\/posts\/1318","targetHints":{"allow":["GET"]}}],"collection":[{"href":"https:\/\/www.best-dentist-dentistry.com\/de\/wp-json\/wp\/v2\/posts"}],"about":[{"href":"https:\/\/www.best-dentist-dentistry.com\/de\/wp-json\/wp\/v2\/types\/post"}],"author":[{"embeddable":true,"href":"https:\/\/www.best-dentist-dentistry.com\/de\/wp-json\/wp\/v2\/users\/1"}],"replies":[{"embeddable":true,"href":"https:\/\/www.best-dentist-dentistry.com\/de\/wp-json\/wp\/v2\/comments?post=1318"}],"version-history":[{"count":0,"href":"https:\/\/www.best-dentist-dentistry.com\/de\/wp-json\/wp\/v2\/posts\/1318\/revisions"}],"wp:attachment":[{"href":"https:\/\/www.best-dentist-dentistry.com\/de\/wp-json\/wp\/v2\/media?parent=1318"}],"wp:term":[{"taxonomy":"category","embeddable":true,"href":"https:\/\/www.best-dentist-dentistry.com\/de\/wp-json\/wp\/v2\/categories?post=1318"},{"taxonomy":"post_tag","embeddable":true,"href":"https:\/\/www.best-dentist-dentistry.com\/de\/wp-json\/wp\/v2\/tags?post=1318"}],"curies":[{"name":"wp","href":"https:\/\/api.w.org\/{rel}","templated":true}]}}