{"id":13274,"date":"2012-08-21T02:47:36","date_gmt":"2012-08-21T02:47:36","guid":{"rendered":null},"modified":"-0001-11-30T00:00:00","modified_gmt":"-0001-11-30T00:00:00","slug":"portuguese-doctors-answer-settings-with-the-largest-strike-in-its-history","status":"publish","type":"post","link":"https:\/\/www.best-dentist-dentistry.com\/de\/portuguese-doctors-answer-settings-with-the-largest-strike-in-its-history\/13274","title":{"rendered":"portuguese doctors answer settings with the largest strike in its history"},"content":{"rendered":"<p class=\"first\"> Lissabon, 11 jul (EFE).-die portugiesischen \u00c4rzte mobilisiert heute massiv gegen die Einstellungen im \u00f6ffentlichen Gesundheitswesen und minimale Gesundheitswesen am ersten Tag einen 48-Stunden-Streik als die gr\u00f6\u00dfte in der Geschichte der Industrie \u00fcberlassen.<\/p>\n<p>Arbeitslosigkeit wurde organisiert vom offiziellen College von \u00c4rzten gemeinsam zum ersten Mal in 25 Jahren Portugiesisch und ihre zwei wichtigsten Gewerkschaften.<\/p>\n<p>Laut Sprecher f\u00fcr diese neuesten Organisationen, Mitgliedschaft war mehr als 90 Prozent und gab Anlass, zus\u00e4tzlich zu einem Protest vor dem Hauptquartier des Ministeriums f\u00fcr Gesundheit in Lissabon.<\/p>\n<p>Die zentrale Avenida Jo\u00e3o CRIS\u00d3STOMO Hauptstadt versammelten sich Tausende von \u00c4rzten, zwischen 2.000 und 4.000, nach Angaben der Organisatoren, nicht von den Beh\u00f6rden kommentiert.<\/p>\n<p>Von sehr unterschiedlichen Alters, aber alle gekleidet in den traditionellen wei\u00dfen Mantel und schwarze Armb\u00e4nder, Demonstranten protestierten gegen die K\u00fcrzungen der portugiesischen Regierung auf die Gesundheit.<\/p>\n<p>Der Streik, die bis morgen Abend l\u00e4uft, hat nur erlaubt die Funktionsweise der Dringlichkeiten und einige Abfragen der wichtigsten portugiesischen Gesundheitsdienste, arbeitete heute mit einer Reihe von \u00c4rzten \u00e4hnlich dem Sonn- oder Feiertagen.<\/p>\n<p>The Executive nicht bieten Daten \u00fcber die Auswirkungen des Protestes, obwohl die Medien einig, dass Gesundheitszentren und Krankenhausbesuche der gr\u00f6\u00dften St\u00e4dte des Landes fast leer waren.<\/p>\n<p>Der Sicht der Gruppe der \u00c4rzte sind Anpassungen und Reformen von der portugiesischen Regierung des Sektors, die nach Ansicht der \u00c4rzte des \u00f6ffentlichen Gesundheitswesens gef\u00e4hrden genehmigt.<\/p>\n<p>Angewendet, indem die konservative Exekutive Kosten Einsparungen innerhalb der strengen Sparma\u00dfnahmen nahm in den letzten Monaten Senkung des \u00f6ffentlichen Defizits um Zusagen gegen\u00fcber der Europ\u00e4ischen Union und dem Internationalen W\u00e4hrungsfonds als Gegenleistung f\u00fcr ihre finanzielle Hilfe zu erf\u00fcllen umrahmt werden.<\/p>\n<p>Seit Anfang des Jahres, portugiesische Staatsb\u00fcrger Zahlen fast verdoppeln f\u00fcr bestimmte Dienstleistungen im Gesundheitswesen-, dass Portugal war bereits &#8220;Bedarfsartikel&#8221;-, als Medizin Konsultationen allgemeine und Familie (von 2,25 bis 5 Euro), den Notstand (von 8.6 bis zwischen 15 und 20 Euro) und vor-Ort-Beratung (4,8 bis 10 Euro).<\/p>\n<p>Die \u00c4rzte gehen auf Streik Entscheidung kam, jedoch, wenn die Regierung begann, Gesundheitsdienste mit privaten Firmen auszulagern.<\/p>\n<p>&#8220;Gemacht, dass wir die Geduld am Ende&#8221; in Aussagen heute mitteilte, EfE Armando Brito, 54 Jahre und die Quinta do Conde Lissabon Gesundheitszentrum Hausarzt.<\/p>\n<p>Brito kritisiert Pl\u00e4ne, Wettbewerbe an Privatunternehmen zu vergeben, dass sie dann \u00c4rzte weiterzuvergeben vor\u00fcbergehend oder als Freiberufler, &#8220;zum besten Preis angeboten&#8221;, ohne Kennzeichnung einer Mindestgrenze.<\/p>\n<p>Der Leiter der offiziellen \u00c4rztekammer Luso, Jos\u00e9 Manuel Silva, warnte letzte Woche, dass diese Politik \u00c4rzte f\u00fcr weniger als drei Euro die Stunde mieten k\u00f6nnte jetzt bezahlen sie bei acht bis zehn Euro.<\/p>\n<p>&#8220;Gefertigt werden, ohne auf der Suche, blind, schneidet und auf die Einstellung von \u00c4rzten am meisten gef\u00e4hrdeten, ohne Alternative, manchmal auch ohne so viel Training wie bisher f\u00fchren w\u00fcrde, das w\u00fcrde zu einer Verschlechterung des Service f\u00fcr den Patienten f\u00fchren&#8221;, sagte Alberto Brito.<\/p>\n<p>In der Tat Praktiker gesammelt heute au\u00dferhalb des Ministeriums durchgef\u00fchrt Plakate und Aufkleber gegebenenfalls ihre Anspr\u00fcche zu verteidigen, das Recht der B\u00fcrger auf einen gesundheitlichen Qualit\u00e4t.<\/p>\n<p>&#8220;Erfolg&#8221;, erinnert sie auch durch das nationale Gesundheitssystem, vor 30 Jahren erstellt und es hat geholfen, Portugal Position als eines der L\u00e4nder der Welt mit niedrigsten S\u00e4uglingssterblichkeit, unter anderen Indikatoren.<\/p>\n<p>Die Auswirkungen der K\u00fcrzungen wurde auch gewarnt, der Portugiesisch-Informationsstelle der Systeme der Gesundheit, die Richtlinieneinstellungen gewarnt und die Verarmung der Bev\u00f6lkerung behindert den Zugang der B\u00fcrger zu Gesundheit.<\/p>\n","protected":false},"excerpt":{"rendered":"<p>Lissabon, 11 jul (EFE).-die portugiesischen \u00c4rzte mobilisiert heute massiv gegen die Einstellungen im \u00f6ffentlichen Gesundheitswesen und minimale Gesundheitswesen am ersten Tag einen 48-Stunden-Streik als die gr\u00f6\u00dfte in der Geschichte der Industrie \u00fcberlassen. Arbeitslosigkeit wurde organisiert vom offiziellen College von \u00c4rzten gemeinsam zum ersten Mal in 25 Jahren Portugiesisch und ihre zwei wichtigsten Gewerkschaften. Laut Sprecher [&hellip;]<\/p>\n","protected":false},"author":1,"featured_media":0,"comment_status":"close","ping_status":"open","sticky":false,"template":"","format":"standard","meta":{"footnotes":""},"categories":[3],"tags":[],"class_list":["post-13274","post","type-post","status-publish","format-standard","hentry","category-allgemeine","et-doesnt-have-format-content","et_post_format-et-post-format-standard"],"_links":{"self":[{"href":"https:\/\/www.best-dentist-dentistry.com\/de\/wp-json\/wp\/v2\/posts\/13274","targetHints":{"allow":["GET"]}}],"collection":[{"href":"https:\/\/www.best-dentist-dentistry.com\/de\/wp-json\/wp\/v2\/posts"}],"about":[{"href":"https:\/\/www.best-dentist-dentistry.com\/de\/wp-json\/wp\/v2\/types\/post"}],"author":[{"embeddable":true,"href":"https:\/\/www.best-dentist-dentistry.com\/de\/wp-json\/wp\/v2\/users\/1"}],"replies":[{"embeddable":true,"href":"https:\/\/www.best-dentist-dentistry.com\/de\/wp-json\/wp\/v2\/comments?post=13274"}],"version-history":[{"count":0,"href":"https:\/\/www.best-dentist-dentistry.com\/de\/wp-json\/wp\/v2\/posts\/13274\/revisions"}],"wp:attachment":[{"href":"https:\/\/www.best-dentist-dentistry.com\/de\/wp-json\/wp\/v2\/media?parent=13274"}],"wp:term":[{"taxonomy":"category","embeddable":true,"href":"https:\/\/www.best-dentist-dentistry.com\/de\/wp-json\/wp\/v2\/categories?post=13274"},{"taxonomy":"post_tag","embeddable":true,"href":"https:\/\/www.best-dentist-dentistry.com\/de\/wp-json\/wp\/v2\/tags?post=13274"}],"curies":[{"name":"wp","href":"https:\/\/api.w.org\/{rel}","templated":true}]}}