{"id":13302,"date":"2012-08-21T02:54:56","date_gmt":"2012-08-21T02:54:56","guid":{"rendered":null},"modified":"-0001-11-30T00:00:00","modified_gmt":"-0001-11-30T00:00:00","slug":"pp-asks-the-psoe-to-stop-lying-in-relation-to-the-valdecilla-hospital","status":"publish","type":"post","link":"https:\/\/www.best-dentist-dentistry.com\/de\/pp-asks-the-psoe-to-stop-lying-in-relation-to-the-valdecilla-hospital\/13302","title":{"rendered":"PP fragt die PSOE zu &#8220;vorzumachen&#8221; in Bezug auf das Valdecilla Krankenhaus"},"content":{"rendered":"<p class=\"first\"> SANTANDER, 6 (EUROPA PRESS)<\/p>\n<p>. Der Sprecher der Volkspartei in das Parlament von Cantabria, Edward Van Den Eynde, er bat die nationalen Stellvertreter der PSOE, Galicisch-Port &#8220;, dass Stop liegend um zu unterscheiden, und einmal ist verantwortlich und nicht Angst B\u00fcrger mit Geschichten von Terror zur Privatisierung von den \u00f6ffentlichen Krankenhaus Marqu\u00e9s de Valdecilla, die nur in ihrem \u00fcberhitzten Geist existieren&#8221;.<\/p>\n<p>Gut wies darauf hin, eine Pressemitteilung, in der betont, dass &#8220;war der Neid aller autonomen Gemeinschaften und in der Tat wurde er von der damaligen-F\u00fchrer der Kantabrischen Sozialisten, Dolores Gorostiaga gelobt&#8221; Abkommen durch die Regierungen von Madrid und Kantabrien unterzeichnete, Valdecilla Krankenhaus vollst\u00e4ndig zu finanzieren.<\/p>\n<p>Hingegen sagte, das Mitglied der sozialistischen &#8220;nun scheint es sehr schlecht, wahrscheinlich weil es nicht war katastrophal Verwaltung seiner Partei Werke Costasen tragen praktisch doppelt, die geplanten&#8221;.<\/p>\n<p>. Van Den Eynde Staaten, die wenn die Finanzierung in diesem \u00dcbereinkommen vorgesehenen nicht ausreichend f\u00fcr &#8220;absolut katastrophalen Management der sozialistischen Direktoren der Gesundheit, die die Arbeit, dass Les erhielt aus der hand aufgrund mangelnder Planung und keine strenge bei der Verwaltung der \u00f6ffentlichen Gelder ist &#8211; sagt &#8211; eine Kosten\u00fcberschreitung von mehr als 200 Millionen Euro&#8221; war, die&#8221;, warum sollte es f\u00fchren sie das Gesicht der Schande.&#8221;  <\/p>\n<p>The PP parlamentarischen Sprecher auch repliziert auf Gallego, dass das &#8220;fehlen von Verpflichtungen&#8221; der Regierung seiner Partei, wenn Jos\u00e9 Luis Rodr\u00edguez Zapatero regierte, und &#8220;keine Angabe&#8221; von Miguel Angel Revilla, ist &#8220;das war unter anderem&#8221;, was die Werke mit &#8220;lange fast gel\u00e4hmt, im Rhythmus der Schildkr\u00f6te&#8221; verursacht hat.<\/p>\n<p>\u00abUnd ist die Dynamik hat das Konto ohne Planung jeglicher Art, mit Werken, die kargen mehr funktioniert Mehrausgaben wurden R\u00e4ume in Phasen erscheinen ohne, dass niemand f\u00fcr diesen Zweck sehr gut kannte.\u00bb &#8220;Es ist also unm\u00f6glich, dass das Geld f\u00fcr nichts, gegeben, verschwendet oder verbrachte die Tuntun hat dar\u00fcber hinaus menschlich verst\u00e4ndlich&#8221;, hat der Sprecher der die PP. verurteilt<\/p>\n<p>auch betont, dass die Regierung von Ignacio Diego hat schon gesagt, &#8220;genug&#8221; und &#8220;gewissenhaft nach dem Kriterium der Techniker&#8221;, geht die Arbeit gehen um private \u00f6ffentliche Finanzierung abgeschlossen, was die Vorg\u00e4ngerregierung. &#8220;Erinnerst du dich, dass der prim\u00e4re Verfechter dieser Formel Angel Agudo war, spielt heute Pr\u00e4sident der Partei in dem Port Gallego&#8221;, betonte Van Den Eynde.<\/p>\n<p>Wie er gesagt hat &#8220;, dass Formel gew\u00e4hrleistet Valdecilla abgeschlossen ist und, dass Ihr Nutzen f\u00fcr die Gesundheit hundertprozentig \u00f6ffentlich, weiterhin weil unsere Regierung nur eine Gesundheit verteidigen ver\u00f6ffentlicht Qualit\u00e4t, die die Sozialisten &#8211; f\u00fcgt &#8211; verlassen hatte Ernst seine katastrophale Verwaltung verpflichtet&#8221;.<\/p>\n<p>&#8220;Eine Sache ist die gemischte Formel f\u00fcr Infrastrukturarbeiten und ein weiteres sehr unterschiedlich ist, seine Verwaltung und nachfolgende Eigenschaft, die absolut \u00f6ffentlich sein wird,&#8221; hat darauf hingewiesen, Van Den Eynde Port Gallego, der fragte, &#8220;Es soll nicht Leute verwechseln&#8221;.<\/p>\n<p>Zum Schluss der PP-Sprecher sagt, dass &#8220;Wenn die stellvertretende sozialistische Rede etwa verkaufen oder an die Konstruktoren f\u00f6rdern, die Sozialisten und die Regionalisten es vor Aussehen machen sollte&#8221;. &#8220;Wenn nichts die PP-Regierung charakterisiert ist der Schutz des \u00f6ffentlichen Interesses, nicht verteidigen genau f\u00fchrt der Region zur Ruine mit einer wahnsinnigen Ausgabenpolitik, zur Freude von einigen wenigen,&#8221; sagte er.<\/p>\n<p>Mit the Executive von Diego Valdecilla wird beendet, wird ihren Aufenthalt in der Public Health abgeschlossen sein und geschieht mit Planung, etwas, das damals gemacht haben sollte, wegen dieser Pulver haben wir heute diesen Schlamm, endete Van Den Eynde.<\/p>\n","protected":false},"excerpt":{"rendered":"<p>SANTANDER, 6 (EUROPA PRESS) . Der Sprecher der Volkspartei in das Parlament von Cantabria, Edward Van Den Eynde, er bat die nationalen Stellvertreter der PSOE, Galicisch-Port &#8220;, dass Stop liegend um zu unterscheiden, und einmal ist verantwortlich und nicht Angst B\u00fcrger mit Geschichten von Terror zur Privatisierung von den \u00f6ffentlichen Krankenhaus Marqu\u00e9s de Valdecilla, die [&hellip;]<\/p>\n","protected":false},"author":1,"featured_media":0,"comment_status":"close","ping_status":"open","sticky":false,"template":"","format":"standard","meta":{"footnotes":""},"categories":[3],"tags":[24367,24368],"class_list":["post-13302","post","type-post","status-publish","format-standard","hentry","category-allgemeine","tag-druckstellen","tag-valdecilla","et-doesnt-have-format-content","et_post_format-et-post-format-standard"],"_links":{"self":[{"href":"https:\/\/www.best-dentist-dentistry.com\/de\/wp-json\/wp\/v2\/posts\/13302","targetHints":{"allow":["GET"]}}],"collection":[{"href":"https:\/\/www.best-dentist-dentistry.com\/de\/wp-json\/wp\/v2\/posts"}],"about":[{"href":"https:\/\/www.best-dentist-dentistry.com\/de\/wp-json\/wp\/v2\/types\/post"}],"author":[{"embeddable":true,"href":"https:\/\/www.best-dentist-dentistry.com\/de\/wp-json\/wp\/v2\/users\/1"}],"replies":[{"embeddable":true,"href":"https:\/\/www.best-dentist-dentistry.com\/de\/wp-json\/wp\/v2\/comments?post=13302"}],"version-history":[{"count":0,"href":"https:\/\/www.best-dentist-dentistry.com\/de\/wp-json\/wp\/v2\/posts\/13302\/revisions"}],"wp:attachment":[{"href":"https:\/\/www.best-dentist-dentistry.com\/de\/wp-json\/wp\/v2\/media?parent=13302"}],"wp:term":[{"taxonomy":"category","embeddable":true,"href":"https:\/\/www.best-dentist-dentistry.com\/de\/wp-json\/wp\/v2\/categories?post=13302"},{"taxonomy":"post_tag","embeddable":true,"href":"https:\/\/www.best-dentist-dentistry.com\/de\/wp-json\/wp\/v2\/tags?post=13302"}],"curies":[{"name":"wp","href":"https:\/\/api.w.org\/{rel}","templated":true}]}}