{"id":13303,"date":"2012-08-21T02:55:00","date_gmt":"2012-08-21T02:55:00","guid":{"rendered":null},"modified":"-0001-11-30T00:00:00","modified_gmt":"-0001-11-30T00:00:00","slug":"the-facua-spokesperson-says-that-the-association-not-going-to-kneel-before-the-government-a-fistful-of-euros","status":"publish","type":"post","link":"https:\/\/www.best-dentist-dentistry.com\/de\/the-facua-spokesperson-says-that-the-association-not-going-to-kneel-before-the-government-a-fistful-of-euros\/13303","title":{"rendered":"Der Facua Sprecher sagt, dass der Verein &#8220;nicht vor der Regierung f\u00fcr eine Handvoll Euro Knien werden&#8221;"},"content":{"rendered":"<p class=\"first\"> bedauert, dass dies &#8220;das erste Mal in der Demokratie, die diese Art der Drohungen der Regierung Ausl\u00e4ndern Terrorismus Organisation leidet&#8221;<\/p>\n<p>Sevilla, 6 (EUROPA PRESS)<\/p>\n<p>Hat der Facu-Verbraucher-Sprecher in Aktion, Rub\u00e9n S\u00e1nchez, Montag versichert, dass die &#8220;Missbrauch&#8221; k\u00fcndigen weiterhin gegen B\u00fcrger, die die Regierung von Mariano Rajoy, trotz dem \u00fcbersandten durch das Ministerium f\u00fcr Gesundheit in welche fordert Facua in 15 Tagen von ihrer Website entfernen Sie diese Art von Kampagnen Gefahr, von der staatlichen Registrierung der Verbraucherverb\u00e4nde begehtetwas, das unter anderem den R\u00fcckzug der Subventionen von der Exekutive bedeuten w\u00fcrde; <\/p>\n<p>&rsquo;Facua nicht will um f\u00fcr eine Handvoll Euro zu einer Regierung zu knien, die uns leise gestellt&rsquo;, Sanchez wurde verurteilt. In einer Pressekonferenz in Sevilla kritisierte der Sprecher der Facua, dass der Brief vom Ministerium &#8220;eine Beleidigung f\u00fcr Demokratie&#8221; ist. &#8220;Es ist das erste Mal, das eine Organisation, die nichts mit Terrorismus B\u00fcrger leidet an dieser Art von Bedrohung und Erpressung der Regierung&#8221;, es hat Apostille. <\/p>\n<p>, Es hat erkannt, dass die staatlichen Subventionen zu verlieren &#8220;erheblichen Schaden&#8221; machen w\u00fcrde dem Verein, aber betont, dass diese stellen nur einen Teil der Finanzierung des Vereins, die &#8220;fast 100.000 Partner&#8221; bietet, von denen ein Gro\u00dfteil eine j\u00e4hrliche Geb\u00fchr bezahlt. &#8220;Es w\u00fcrde uns viel Schaden tun, aber du wirst nicht zu versenken,&#8221; stellte er fest. <\/p>\n<p>Sanchez wies darauf hin, wei\u00df nicht genau welcher Prozentsatz ihrer Finanzierung \u00f6ffentlichen Ursprungs, hat aber der Monat Januar bereits weitergeleitet einer Erkl\u00e4rung, in dem er, dass bedauert, den Auszahlungsbetrag in 2011-290.000 Euro &#8211; es war &#8220;in den Schwanz-Wagen&#8221; Verbindung zum Rest der Verbraucherverb\u00e4nde.<\/p>\n<p>Auf diese Weise hat die Sprecher versichert, dass sie nicht &#8220;nichts&#8221; Ihrer Webseite verschoben werden, in dem Facua hat mehrere Videos und Anweisungen f\u00fcr die &#8220;Medicamentazo&#8221; und &#8220;K\u00fcrzungen in der Bildung&#8221;, die von der Exekutive der Rajoy, wie sie Verbraucher gef\u00f6rdert Streik am 19. Juli gegen den Anstieg der Mehrwertsteuer, Aktionen, die &#8220;Escocido&#8221; der Regierung haben versichert. <\/p>\n<p>ACUDIRA A LOS Gerichte<\/p>\n<p>ebenfalls hervorgehoben, dass, wo das Ministerium trifft seine &#8220;ernste Bedrohung&#8221; und vertreibt ihn aus der Registrierung der Verb\u00e4nde der Verbraucher Facua besuchen Gericht zu verurteilen, was sie als &#8220;Angriff gegen die Vereinigungsfreiheit, Meinungsfreiheit und Demokratie&#8221; zu sehen.<\/p>\n<p>Gut, obwohl Sanchez zuversichtlich ist, dass &#8220;jeder Richter Echar\u00eda Land&#8221; die Argumente von der Exekutive, die Registrierung von Verb\u00e4nden der Verbraucher Facua zu vertreiben, bedauert, dass die R\u00fcckkehr zu den Registrierungsvorgang kann dauern &#8220;Monate oder Jahre&#8221;, &#8220;mit dem Schaden w\u00fcrde, dass diese Vereinigung produzieren&#8221;.<\/p>\n<p>Gew\u00e4hrt, die von der Regierung des Rechts &#8211; &#8220;das ist, was der Generalsekret\u00e4r der Gesundheit glaubt, dass es sein k\u00f6nnte, Herunterfahren&#8221; hingewiesen-, den R\u00fcckzug seines Status als eine Zuordnung der Verbraucher zu Facua w\u00e4re seine Ausweisung aus beratenden Gremien wie dem Rat von Verbrauchern und Nutzern der Regierung \u00fcber die Sie Informationen \u00fcber Projekte der regulatorischen \u00c4nderungen erhalten, die Verbraucher betreffen neben den Verlust, zu der Zeit, die ihr Recht auf gerichtliche Ma\u00dfnahmen zur Absicherung der kollektiven Interessen f\u00f6rdern beseitigen w\u00fcrde. <\/p>\n<p>Aus diesem Grund hat es den Minister f\u00fcr Gesundheit, Ana Mato, sowohl als die Regierung fordert &#8220;sie korrigieren&#8221; und Den R\u00fcckschritt in dieser &#8220;ernste Bedrohung&#8221;, Weile ermutigte andere politische Parteien und Vereinigungen die Exekutive in diesem Sinne appellieren.<\/p>\n<p>In der gleichen Weise, Sanchez hat tausende von Nachrichten der Ermutigung w\u00e4hrend w\u00e4hrend des Wochenendes \u00fcber Twitter, als auch die \u00f6ffentlichen Verlautbarungen der Unterst\u00fctzung von IU gedankt, die Parlamentarische Gruppe verlassen Plural, Equo, der Junta de Andaluc\u00eda oder der Minister f\u00fcr Wirtschaft in El Salvador, Armando Flores.<\/p>\n","protected":false},"excerpt":{"rendered":"<p>bedauert, dass dies &#8220;das erste Mal in der Demokratie, die diese Art der Drohungen der Regierung Ausl\u00e4ndern Terrorismus Organisation leidet&#8221; Sevilla, 6 (EUROPA PRESS) Hat der Facu-Verbraucher-Sprecher in Aktion, Rub\u00e9n S\u00e1nchez, Montag versichert, dass die &#8220;Missbrauch&#8221; k\u00fcndigen weiterhin gegen B\u00fcrger, die die Regierung von Mariano Rajoy, trotz dem \u00fcbersandten durch das Ministerium f\u00fcr Gesundheit in [&hellip;]<\/p>\n","protected":false},"author":1,"featured_media":0,"comment_status":"close","ping_status":"open","sticky":false,"template":"","format":"standard","meta":{"footnotes":""},"categories":[3],"tags":[24369,24370,24368],"class_list":["post-13303","post","type-post","status-publish","format-standard","hentry","category-allgemeine","tag-facua-sprecher","tag-handvoll","tag-valdecilla","et-doesnt-have-format-content","et_post_format-et-post-format-standard"],"_links":{"self":[{"href":"https:\/\/www.best-dentist-dentistry.com\/de\/wp-json\/wp\/v2\/posts\/13303","targetHints":{"allow":["GET"]}}],"collection":[{"href":"https:\/\/www.best-dentist-dentistry.com\/de\/wp-json\/wp\/v2\/posts"}],"about":[{"href":"https:\/\/www.best-dentist-dentistry.com\/de\/wp-json\/wp\/v2\/types\/post"}],"author":[{"embeddable":true,"href":"https:\/\/www.best-dentist-dentistry.com\/de\/wp-json\/wp\/v2\/users\/1"}],"replies":[{"embeddable":true,"href":"https:\/\/www.best-dentist-dentistry.com\/de\/wp-json\/wp\/v2\/comments?post=13303"}],"version-history":[{"count":0,"href":"https:\/\/www.best-dentist-dentistry.com\/de\/wp-json\/wp\/v2\/posts\/13303\/revisions"}],"wp:attachment":[{"href":"https:\/\/www.best-dentist-dentistry.com\/de\/wp-json\/wp\/v2\/media?parent=13303"}],"wp:term":[{"taxonomy":"category","embeddable":true,"href":"https:\/\/www.best-dentist-dentistry.com\/de\/wp-json\/wp\/v2\/categories?post=13303"},{"taxonomy":"post_tag","embeddable":true,"href":"https:\/\/www.best-dentist-dentistry.com\/de\/wp-json\/wp\/v2\/tags?post=13303"}],"curies":[{"name":"wp","href":"https:\/\/api.w.org\/{rel}","templated":true}]}}