{"id":13363,"date":"2012-08-23T02:54:24","date_gmt":"2012-08-23T02:54:24","guid":{"rendered":null},"modified":"-0001-11-30T00:00:00","modified_gmt":"-0001-11-30T00:00:00","slug":"environment-defends-its-handling-of-fires-in-spain","status":"publish","type":"post","link":"https:\/\/www.best-dentist-dentistry.com\/de\/environment-defends-its-handling-of-fires-in-spain\/13363","title":{"rendered":"Umwelt verteidigt seine Handhabung von Br\u00e4nden in Spanien"},"content":{"rendered":"<p class=\"first\"> MADRID (Reuters) &#8211; der spanischen Ministerin f\u00fcr Umwelt, Miguel Arias Ca\u00f1ete, am Donnerstag verteidigte seine F\u00fchrung der Welle der Waldbr\u00e4nde, die betroffen von Spanien, in Anspielung auf die besonders schwierigen Bedingungen in dieser Saison und leugnen Behauptungen, dass einige Gemeinden von K\u00fcrzungen vernachl\u00e4ssigt werden.<\/p>\n<p>Mehr als tausend Menschen sind aus ihren H\u00e4usern in La Gomera ein Feuer, die noch nicht dies stabilisiert evakuiert und in Aufgaben des Aussterbens Valencia in den Sommer-Br\u00e4nden, die Regionen in diesem Sommer geplagt haben drei Menschen gestorben.<\/p>\n<p>&#8220;Konnten wir alle Anforderungen der autonomen Gemeinschaften nachzukommen, und sogar in vielen F\u00e4llen haben wir Fortschritte gemacht&#8221;, sagte der Besitzer der Landwirtschaft, Ern\u00e4hrung und Umwelt in einer Pressekonferenz.<\/p>\n<p>&#8220;Meine Aufgabe ist es, sicherzustellen, dass die autonomen Gemeinschaften haben die Mittel, damit der technischen Leitung entspricht aus ausschlie\u00dflich der Autonomen Gemeinschaft&#8221;, sagte, darauf hingewiesen, dass der Haushalt des Ministeriums zu diesem Bereich gewidmet von 71 bis 74 Millionen Euro gestiegen ist.<\/p>\n<p>In welchem Jahr geht, haben 92 Prozent mehr Masse als in der Mitte des letzten Jahrzehnts, je nach Umgebung von Flammen verzehrt wurde, begann ungebuchte Feuer 10 Prozent der Kanarischen Insel 12 Tage in La Gomera wie auch gebrannt worden.<\/p>\n<p>Das Feuer von La Gomera ist eine der am meisten wichtig, dass dieses Wochenende Oberfl\u00e4chen in Valencia, Galizien, Ciudad Real und den Kanarischen Inseln fegte, mit einem Verh\u00e4ltnis von zwei Brigade Mitglieder in Alicante und Tausende von evakuierten get\u00f6tet und verbrannt Acre.<\/p>\n<p>Der Regierung der Kanarischen Inseln hat in den letzten Tagen Herstellen einer st\u00e4ndigen Wasserflugzeug Basis in der Region, genannt die hat derzeit eines Hubschraubers f\u00fcr proaktiv.<\/p>\n<p>Ca\u00f1ete erkl\u00e4rt, dass mehr Luft angeboten hatte, lokale Regierung mehrfach seit dem Start des Feuers, aber festgestellt, die Ver\u00e4nderungen in der Bereitstellung der auf nationaler und regionaler Ebene in Zukunft untersucht werden k\u00f6nnte.<\/p>\n<p>Insgesamt sieben Wasserflugzeuge und drei Hubschrauber arbeitete am Donnerstag bei einem Brand in La Gomera, Kalzinierte ein Zehntel von der Insel La Gomera und kam nach der Evakuierung von ein Viertel der Bev\u00f6lkerung der Insel &#8211; 5.000 Personen, 900 von ihnen auf dem Seeweg &#8211; seit seiner Gr\u00fcndung vor 12 Tagen verursachen deklariert.<\/p>\n<p>Flammen schien ihren Vormarsch am Tag Donnerstag gesendet haben obwohl 1.360 Personen nicht auf der Insel, in ihre H\u00e4user zur\u00fcckkehren bleiben nach Angaben von den lokalen Beh\u00f6rden. Land- und Teams arbeiten am Donnerstag zu stabilisieren und zu k\u00fchlen Bereich entsprechend der Kanarischen Inseln-Notdienste.<\/p>\n<p>Festnahmen auf den Kanarischen Inseln<\/p>\n<p>In der Kanarischen Inseln Regierungsdelegation hatte die Verhaftung von mehreren Personen im Zusammenhang mit dem Feuer, angek\u00fcndigt, am Donnerstag best\u00e4tigt eine Sprecherin, darauf hingewiesen, dass es mehrere Linien der Forschung offen gibt.<\/p>\n<p>Ein Polizeisprecher war jedoch nicht in der Lage, die Daten zu best\u00e4tigen.<\/p>\n<p>Der Pr\u00e4sident der Regierung der Kanarischen Inseln, Paulino Rivero, hatte gebeten am Mittwoch effektiver, den staatlichen Sicherheitskr\u00e4ften, die mutma\u00dflichen T\u00e4ter der Feuer zu stoppen.<\/p>\n<p>In diesem Jahr bisher haben gebrannt in Spanien mehr als 132.000 Hektar, mehr als das Doppelte des Vorjahres. Arien Ca\u00f1ete am Donnerstag beschrieb die Situation der &#8220;\u00e4u\u00dferst beunruhigend&#8221; und fordert B\u00fcrger zu k\u00fcmmern, um neue Br\u00e4nde zu verhindern.<\/p>\n<p>&#8220;Wenn durch Unachtsamkeit oder durch Vandalismus und Kriminalit\u00e4t Feuer auf einem Berg festgelegt ist, es gibt viele Menschen, die die Leben auf dem Spiel in den Dienst der Gesellschaft stellt,&#8221; sagte der Minister.<\/p>\n<p>Bis zum Tod von zwei Brigadists in Alicante muss hinzugef\u00fcgt werden den Tod letzten Monat ein Hubschrauberpilot wenn er ein weiterer Brand in Valencia k\u00e4mpfte. Dar\u00fcber hinaus vier franz\u00f6sische B\u00fcrger wurden get\u00f6tet in zwei Br\u00e4nde in Gerona.<\/p>\n<p>Spanisch, die Regierung angek\u00fcndigt hat, die Versch\u00e4rfung der Strafen f\u00fcr verursacht Wald, ausgel\u00f6st wird, bis zu sechs Jahren Gef\u00e4ngnis und ein Maximum von neun Jahren, wenn die Flammen beeinflussen gesch\u00fctzte Naturr\u00e4ume, Straftaten gegen die Umwelt Umwelt entsprechen werden.<\/p>\n<p>\/ Por Cristina Quellen-Cantillana \/<\/p>\n","protected":false},"excerpt":{"rendered":"<p>MADRID (Reuters) &#8211; der spanischen Ministerin f\u00fcr Umwelt, Miguel Arias Ca\u00f1ete, am Donnerstag verteidigte seine F\u00fchrung der Welle der Waldbr\u00e4nde, die betroffen von Spanien, in Anspielung auf die besonders schwierigen Bedingungen in dieser Saison und leugnen Behauptungen, dass einige Gemeinden von K\u00fcrzungen vernachl\u00e4ssigt werden. Mehr als tausend Menschen sind aus ihren H\u00e4usern in La Gomera [&hellip;]<\/p>\n","protected":false},"author":1,"featured_media":0,"comment_status":"close","ping_status":"open","sticky":false,"template":"","format":"standard","meta":{"footnotes":""},"categories":[3],"tags":[24428],"class_list":["post-13363","post","type-post","status-publish","format-standard","hentry","category-allgemeine","tag-brnden","et-doesnt-have-format-content","et_post_format-et-post-format-standard"],"_links":{"self":[{"href":"https:\/\/www.best-dentist-dentistry.com\/de\/wp-json\/wp\/v2\/posts\/13363","targetHints":{"allow":["GET"]}}],"collection":[{"href":"https:\/\/www.best-dentist-dentistry.com\/de\/wp-json\/wp\/v2\/posts"}],"about":[{"href":"https:\/\/www.best-dentist-dentistry.com\/de\/wp-json\/wp\/v2\/types\/post"}],"author":[{"embeddable":true,"href":"https:\/\/www.best-dentist-dentistry.com\/de\/wp-json\/wp\/v2\/users\/1"}],"replies":[{"embeddable":true,"href":"https:\/\/www.best-dentist-dentistry.com\/de\/wp-json\/wp\/v2\/comments?post=13363"}],"version-history":[{"count":0,"href":"https:\/\/www.best-dentist-dentistry.com\/de\/wp-json\/wp\/v2\/posts\/13363\/revisions"}],"wp:attachment":[{"href":"https:\/\/www.best-dentist-dentistry.com\/de\/wp-json\/wp\/v2\/media?parent=13363"}],"wp:term":[{"taxonomy":"category","embeddable":true,"href":"https:\/\/www.best-dentist-dentistry.com\/de\/wp-json\/wp\/v2\/categories?post=13363"},{"taxonomy":"post_tag","embeddable":true,"href":"https:\/\/www.best-dentist-dentistry.com\/de\/wp-json\/wp\/v2\/tags?post=13363"}],"curies":[{"name":"wp","href":"https:\/\/api.w.org\/{rel}","templated":true}]}}