{"id":1344,"date":"2013-06-18T11:09:44","date_gmt":"2013-06-18T11:09:44","guid":{"rendered":null},"modified":"2013-06-18T11:09:44","modified_gmt":"2013-06-18T11:09:44","slug":"libya-economic-crisis-and-climate-change-will-mark-the-summit-eu-south-africa","status":"publish","type":"post","link":"https:\/\/www.best-dentist-dentistry.com\/de\/libya-economic-crisis-and-climate-change-will-mark-the-summit-eu-south-africa\/1344","title":{"rendered":"Libyen, Wirtschaftskrise und Klima markiert den Gipfel EU \/ S\u00fcdafrika"},"content":{"rendered":"<p>Johannesburg, 14 Sep (EFE).-Libyen, die weltweite Wirtschaftskrise und der Klimawandel pr\u00e4gen die Agenda des vierten Gipfeltreffens zwischen der Europ\u00e4ischen Union (EU) und S\u00fcdafrika, die morgen im Naturschutzgebiet South African Kruger Park (Nordosten) stattfinden wird.<\/p>\n<p>Die Europ\u00e4ische Delegation unter der Leitung von den Pr\u00e4sidenten des Europ\u00e4ischen Rates, Herman Van Rompuy, und die Europ\u00e4ische Kommission (EG, die EU-Exekutive), Jos\u00e9 Manuel Dur\u00e3o Barroso, wird sich bem\u00fchen, schlie\u00dfen von Positionen mit S\u00fcdafrika \u00fcber die Zukunft von Libyen.<\/p>\n<p>S\u00fcdafrika, leitet der hochrangigen Ausschuss f\u00fcr Libyen von der Afrikanischen Union (AU) und eine rotierende im Rat wurden Sicherheit der Vereinten Nationen (UNO), ist einen wichtigen Sektor der AU mit der Rolle des Nationalrates der \u00dcbergang (CNT) angef\u00fchrt, in ihrem Kampf gegen das Regime von Muammar al-Gaddafi.<\/p>\n<p>S\u00fcdafrikanische Pr\u00e4sident Jacob Zuma, stets eingesetzt, eine L\u00f6sung zwischen den Konfliktparteien libyschen und gegen &#8220;die Lehre der Regimewechsel&#8221;.<\/p>\n<p>Die Partei bewertet, auch die Lage der Niederschlagung des Aufstandes in Syrien, Fall, in denen der Regierung Pretoria eine \u00e4hnliche Haltung auf den Fall von Libyen unterh\u00e4lt.<\/p>\n<p>Die EU und S\u00fcdafrika wird Bem\u00fchungen um Fortschritte bei den Verhandlungen des G20-Gipfels (Gruppe von reichen und aufstrebenden L\u00e4ndern) zur Bew\u00e4ltigung der wirtschaftlichen Krise.<\/p>\n<p>In diesem Zusammenhang behandelt beide Parteien die Weltwirtschaftslage und die Rolle der Schwellenl\u00e4nder des Blocks BRIC-Staaten (Brasilien, Russland, Indien, China und S\u00fcdafrika) Umgang mit der Bedrohung durch eine neue Rezession.<\/p>\n<p>Europ\u00e4er und S\u00fcdafrikaner versuchen, auch die Fortschritte bei den Verhandlungen zur UN-Klimakonferenz \u00e4ndern (COP-17), die Gastgeber Durban (S\u00fcdafrika) von 28 November bis Dezember weiter, und diskutieren \u00fcber Fragen wie Einwanderung und der Bek\u00e4mpfung der maritime Piraterie.<\/p>\n<p>Ein anderes Thema auf dem Tisch des Gipfels werden die Vorbereitung der Konferenz der Vereinten Nationen-Entwicklung und Umweltschutz (R\u00edo + 20), n\u00e4chstes Jahr in Rio De Janeiro (Brasilien) stattfinden.<\/p>\n<p>Im bilateralen kommerziellen Bereich, der EU und S\u00fcdafrika sie Ahondar\u00e1n ihre Terms of Trade, 1,4 Prozent des Handels mit waren aus der Europ\u00e4ischen Union und au\u00dferhalb.<\/p>\n<p>Der EU, Hauptinvestor in dem afrikanischen Land, im ersten Halbjahr 2011 ein \u00dcberschuss im Warenverkehr mit S\u00fcdafrika Mrd. \u20ac 3,2, mehr als das doppelte, die im gleichen Zeitraum 2010, wenn der \u00dcberschuss 1,2 Mrd..<\/p>\n<p>Entwicklungszusammenarbeit nimmt auch Teil der Gespr\u00e4che zwischen den beiden Partnern, mit besonderem Augenmerk auf den Wunsch der S\u00fcdafrika werden &#8220;Geber aktiv,&#8221; der Europ\u00e4ischen Union zufolge ausgedr\u00fcckt in dem Programm vorgesehenen bilateralen Gipfel.<\/p>\n<p>In diesem Zusammenhang der Executive Pretoria heute betont, dass das Ziel, &#8220;Adresse Priorit\u00e4ten im Bereich der Gesundheit, Bildung, Entwicklung des l\u00e4ndlichen Raums, Schaffung von Arbeitspl\u00e4tzen und die Bek\u00e4mpfung der Kriminalit\u00e4t&#8221;, in den Worten von der Sprecher des Au\u00dfenministeriums, Clayson Monyela es ist, zusammengestellt von der South African Agentur Sapa.<\/p>\n<p>&#8220;Die EU unterst\u00fctzt nahtlose Engagement nach S\u00fcdafrika mit der afrikanischen Agenda einschlie\u00dflich der sozio-\u00f6konomischen der Afrikanischen Union und die neue Partnerschaft f\u00fcr Afrikas Entwicklung,&#8221; f\u00fcgte er hinzu Monyela.<\/p>\n<p>Ein weiterer Punkt auf der Tagesordnung sind die Fragen der nuklearen Sicherheit und Vereinbarungen Euratom-S\u00fcdafrika zu schaffen einen Rahmen f\u00fcr die Zusammenarbeit in der Atomenergie und den Austausch von Technologie, Forschung und Ausr\u00fcstung.<\/p>\n<p>Herman Van Rompuy und Jos\u00e9 Manuel Dur\u00e3o Barroso wird begleitet werden, auf dem Gipfel durch die Kommissionsmitglieder f\u00fcr Handel, Karel de Gucht, und Zusammenarbeit, Andris Piebalgs.<\/p>\n<p>In der Zwischenzeit Zuma zusammen mit dem Minister f\u00fcr internationale Beziehungen, Maite Nkoana-Mashabane; Verteidigung, Vida Sisulu, Wissenschaft und Technologie, Naledi Pandor; Umwelt, Edna Molewa, Finanzen, Rob Davies, und Industrie, Pravin Gordhan gehen. EFE<\/p>\n","protected":false},"excerpt":{"rendered":"<p>Johannesburg, 14 Sep (EFE).-Libyen, die weltweite Wirtschaftskrise und der Klimawandel pr\u00e4gen die Agenda des vierten Gipfeltreffens zwischen der Europ\u00e4ischen Union (EU) und S\u00fcdafrika, die morgen im Naturschutzgebiet South African Kruger Park (Nordosten) stattfinden wird. Die Europ\u00e4ische Delegation unter der Leitung von den Pr\u00e4sidenten des Europ\u00e4ischen Rates, Herman Van Rompuy, und die Europ\u00e4ische Kommission (EG, die [&hellip;]<\/p>\n","protected":false},"author":1,"featured_media":0,"comment_status":"close","ping_status":"open","sticky":false,"template":"","format":"standard","meta":{"footnotes":""},"categories":[3],"tags":[5501,5503,5504,5502],"class_list":["post-1344","post","type-post","status-publish","format-standard","hentry","category-allgemeine","tag-gassektor","tag-markiert","tag-sdafrika","tag-wirtschaftskrise","et-doesnt-have-format-content","et_post_format-et-post-format-standard"],"_links":{"self":[{"href":"https:\/\/www.best-dentist-dentistry.com\/de\/wp-json\/wp\/v2\/posts\/1344","targetHints":{"allow":["GET"]}}],"collection":[{"href":"https:\/\/www.best-dentist-dentistry.com\/de\/wp-json\/wp\/v2\/posts"}],"about":[{"href":"https:\/\/www.best-dentist-dentistry.com\/de\/wp-json\/wp\/v2\/types\/post"}],"author":[{"embeddable":true,"href":"https:\/\/www.best-dentist-dentistry.com\/de\/wp-json\/wp\/v2\/users\/1"}],"replies":[{"embeddable":true,"href":"https:\/\/www.best-dentist-dentistry.com\/de\/wp-json\/wp\/v2\/comments?post=1344"}],"version-history":[{"count":0,"href":"https:\/\/www.best-dentist-dentistry.com\/de\/wp-json\/wp\/v2\/posts\/1344\/revisions"}],"wp:attachment":[{"href":"https:\/\/www.best-dentist-dentistry.com\/de\/wp-json\/wp\/v2\/media?parent=1344"}],"wp:term":[{"taxonomy":"category","embeddable":true,"href":"https:\/\/www.best-dentist-dentistry.com\/de\/wp-json\/wp\/v2\/categories?post=1344"},{"taxonomy":"post_tag","embeddable":true,"href":"https:\/\/www.best-dentist-dentistry.com\/de\/wp-json\/wp\/v2\/tags?post=1344"}],"curies":[{"name":"wp","href":"https:\/\/api.w.org\/{rel}","templated":true}]}}