{"id":13459,"date":"2012-08-25T02:49:09","date_gmt":"2012-08-25T02:49:09","guid":{"rendered":null},"modified":"-0001-11-30T00:00:00","modified_gmt":"-0001-11-30T00:00:00","slug":"raul-castro-denounces-the-misrepresentations-about-the-cholera-outbreak-in-cuba","status":"publish","type":"post","link":"https:\/\/www.best-dentist-dentistry.com\/de\/raul-castro-denounces-the-misrepresentations-about-the-cholera-outbreak-in-cuba\/13459","title":{"rendered":"raul castro denounces the misrepresentations about the cholera outbreak in cuba"},"content":{"rendered":"<p class=\"first\"> Havanna, 23 jul (EFE).-der Pr\u00e4sident der Republik Kuba, Raul Castro, heute denunziert &#8220;Propagandakampagnen&#8221; und &#8220;T\u00e4uschung&#8221; \u00fcber F\u00e4lle von Cholera im Osten des Landes, &#8220;das Gesundheitssystem auf der Insel zu diskreditieren&#8221; registriert und erkl\u00e4rte, dass der Ausbruch &#8220;kontrolliert&#8221;.<\/p>\n<p>In der Rede, die erste vollst\u00e4ndige j\u00e4hrlichen nationalen der macht Volksversammlung (Einkammerparlament) geschlossen, allgemeine Castro erkl\u00e4rte, dass &#8220;erh\u00f6hen Propagandakampagnen&#8221; gegen die kubanische Revolution.<\/p>\n<p>In diesem Zusammenhang darauf hingewiesen, dass das letzte Beispiel &#8220;die unverh\u00e4ltnism\u00e4\u00dfige Medien-Behandlung und die falsche Darstellung der bereits kontrollierten Cholera-Ausbruch in der Provinz Granma, haupts\u00e4chlich in der Stadt von Manzanillo ist&#8221;.<\/p>\n<p>Der kubanische Herrscher sagte, in was wurde seine erste \u00f6ffentliche Schweigen zu diesem Thema, dass diese Kampagnen sind &#8220;, das kubanische Gesundheitssystem und seine Leistungen zu diskreditieren erkannt auf globaler Ebene&#8221;, ohne eine weitere Informationen \u00fcber die Situation in den betroffenen Gebieten.<\/p>\n<p>Der Cholera-Ausbruch im Juni in Manzanillo, Stadt mit 130,500 Einwohnern, liegt etwa 900 Kilometer \u00f6stlich von Havanna, wo die Mehrheit der 158 F\u00e4llen berichteten bisher durch das Ministerium f\u00fcr \u00f6ffentliche Gesundheit (MINSAP) der Insel wurde berichtet erkannt wurde.<\/p>\n<p>Letzte Woche ein Gesundheit-Beamter sagte in den Hinweisen zu Efe, dass &#8220;der epidemiologischen Situation&#8221; Es hat kontrolliert, alle Ma\u00dfnahmen ergriffen wurden, und es keine andere neue F\u00e4lle oder irgendwelche andere Probleme gibt &#8220;.<\/p>\n<p>&#8220;<\/p>\n<p>Teil berichtet, 14. Juli, wurde am 3 Juli der kubanischen Regierung zum ersten Mal von Beginn der Erkrankung mit 53 F\u00e4llen und drei Todesf\u00e4lle und zuletzt gepostet erkl\u00e4rte, dass &#8220;Ausbruch der w\u00e4ssrige&#8221; abnehmenden war und, dass &#8220;Verbreitung&#8221; gibt hinzugef\u00fcgt. EFE<\/p>\n","protected":false},"excerpt":{"rendered":"<p>Havanna, 23 jul (EFE).-der Pr\u00e4sident der Republik Kuba, Raul Castro, heute denunziert &#8220;Propagandakampagnen&#8221; und &#8220;T\u00e4uschung&#8221; \u00fcber F\u00e4lle von Cholera im Osten des Landes, &#8220;das Gesundheitssystem auf der Insel zu diskreditieren&#8221; registriert und erkl\u00e4rte, dass der Ausbruch &#8220;kontrolliert&#8221;. In der Rede, die erste vollst\u00e4ndige j\u00e4hrlichen nationalen der macht Volksversammlung (Einkammerparlament) geschlossen, allgemeine Castro erkl\u00e4rte, dass &#8220;erh\u00f6hen [&hellip;]<\/p>\n","protected":false},"author":1,"featured_media":0,"comment_status":"close","ping_status":"open","sticky":false,"template":"","format":"standard","meta":{"footnotes":""},"categories":[3],"tags":[24546],"class_list":["post-13459","post","type-post","status-publish","format-standard","hentry","category-allgemeine","tag-ev-71","et-doesnt-have-format-content","et_post_format-et-post-format-standard"],"_links":{"self":[{"href":"https:\/\/www.best-dentist-dentistry.com\/de\/wp-json\/wp\/v2\/posts\/13459","targetHints":{"allow":["GET"]}}],"collection":[{"href":"https:\/\/www.best-dentist-dentistry.com\/de\/wp-json\/wp\/v2\/posts"}],"about":[{"href":"https:\/\/www.best-dentist-dentistry.com\/de\/wp-json\/wp\/v2\/types\/post"}],"author":[{"embeddable":true,"href":"https:\/\/www.best-dentist-dentistry.com\/de\/wp-json\/wp\/v2\/users\/1"}],"replies":[{"embeddable":true,"href":"https:\/\/www.best-dentist-dentistry.com\/de\/wp-json\/wp\/v2\/comments?post=13459"}],"version-history":[{"count":0,"href":"https:\/\/www.best-dentist-dentistry.com\/de\/wp-json\/wp\/v2\/posts\/13459\/revisions"}],"wp:attachment":[{"href":"https:\/\/www.best-dentist-dentistry.com\/de\/wp-json\/wp\/v2\/media?parent=13459"}],"wp:term":[{"taxonomy":"category","embeddable":true,"href":"https:\/\/www.best-dentist-dentistry.com\/de\/wp-json\/wp\/v2\/categories?post=13459"},{"taxonomy":"post_tag","embeddable":true,"href":"https:\/\/www.best-dentist-dentistry.com\/de\/wp-json\/wp\/v2\/tags?post=13459"}],"curies":[{"name":"wp","href":"https:\/\/api.w.org\/{rel}","templated":true}]}}