{"id":13468,"date":"2012-08-25T02:53:09","date_gmt":"2012-08-25T02:53:09","guid":{"rendered":null},"modified":"-0001-11-30T00:00:00","modified_gmt":"-0001-11-30T00:00:00","slug":"principle-of-gobierno-medicos-agreement-for-greater-flexibility-in-the-implementation-of-the-day","status":"publish","type":"post","link":"https:\/\/www.best-dentist-dentistry.com\/de\/principle-of-gobierno-medicos-agreement-for-greater-flexibility-in-the-implementation-of-the-day\/13468","title":{"rendered":"&#8220;Prinzip des Gobierno Medicos Vereinbarung zur Erh\u00f6hung der Flexibilit\u00e4t&#8221; bei der Umsetzung des Tages"},"content":{"rendered":"<p class=\"first\"> MERIDA, 10 (EUROPA PRESS)<\/p>\n<p>Berater der Regierung von Extremadura (GobEx) und die \u00c4rzte haben &#8220;eine Einigung Prinzip&#8221;, die auf 37,5 Stunden pro Woche.<\/p>\n<p>Dies ist das Ergebnis von einem Treffen Freitag Merida f\u00fcr mehrere Stunden von Carron und Vertretern der Hochschulen f\u00fcr \u00c4rzte der C\u00e1ceres und Badajoz sowie der medizinischen Union Extremadura (Simex).<\/p>\n<p>Verantwortlich f\u00fcr vegetatives hat dankte Medizinern &#8220;Bereitschaft zum Dialog und Konsens&#8221;, zu der Zeit, die erkannt hat, die &#8220;Anstrengungen&#8221; von der Abteilung, die darstellt, um dieses &#8220;Prinzip der Vereinbarung&#8221; zu erreichen, m\u00fcssen Sie angeben in kommende treffen.<\/p>\n<p>F\u00fcr seinen Teil, der Pr\u00e4sident von SIMEX, Fernando P\u00e9rez, &#8220;gab es keine Einigung, gab es ein Prinzip der Vereinbarung&#8221; angezeigt hat und hat auf die Entscheidung \u00fcber die Durchf\u00fchrung der Verl\u00e4ngerung des Arbeitstages auf dem &#8220;nicht bleibt nat\u00fcrlich die Starrheit, die in die vorherige Aufl\u00f6sung war&#8221; hinzugef\u00fcgt wurde &#8220;pretty und ruhelosigkeit&#8221;.<\/p>\n<p>&#8220;Flexibler&#8221;<\/p>\n<p>Erkl\u00e4rungen f\u00fcr die Medien, die Berater Luis Alfonso Hernandez Carron hat ver\u00f6ffentlicht das &#8220;Prinzip der Vereinbarung&#8221; erreicht, die Sie haben, erkl\u00e4rte, &#8220;flexibler&#8221; bei der Umsetzung dieses neuen Tages von 37,5 Stunden k\u00f6nnen.<\/p>\n<p>&#8220;In einer Weise, die nun auch die Profis sind die organisieren k\u00f6nnen, wie die Anwendung der Konferenz machen und wie sie in verschiedenen Formeln anwenden wird, ohne Beseitigung der oben genannten, und produzieren auch Effizienz bei der Umsetzung solcher Ausbau des Tages, der die Verwaltung auch als dient&#8221; bemerkte nach dem Treffen mit Vertretern der \u00c4rzte.<\/p>\n<p>Hern\u00e1ndez Carron hat auch das &#8220;Klima des Dialogs&#8221;, die auf dieser Tagung erreicht worden und hat darauf hingewiesen, dass &#8220;ein zweiter Teil dieses Bundes&#8221; hervorgehoben, &#8220;begin \u00f6ffnen&#8221; in den kommenden Wochen behandelt werden.<\/p>\n<p>&#8220;Genau das ist es, dem Management, zu sehen, welche Effizienz Formeln Formeln, wir k\u00f6nnen anfangen, zwischen alle, Verwaltung und auch medizinisches Personal, unser Gesundheitssystem nachhaltig machen&#8221; hingewiesen.<\/p>\n<p>In dieser Zeile Carron &#8220;Challenge betr\u00e4chtliche Dimensionen&#8221;, die die Verwaltung und den medizinischen Bereich hat angedeutet hat, da &#8220;in einem Moment der Krise&#8221; sollte &#8220;auf die kumulierte Defizit aus Vorjahren reagieren&#8221; und auf der anderen Seite tun (Health System) &#8220;nachhaltige nach dem Einkommen, das fallen&#8221;.<\/p>\n<p>SIMEX: &#8220;wie es ist, der sollte sein&#8221;<\/p>\n<p>Der Pr\u00e4sident von SIMEX, Fernando P\u00e9rez, verf\u00fcgt \u00fcber erweiterte &#8220;Woche, das kommt&#8221; haben eine neue Besprechung, die mit &#8220;ein wenig von der Effizienz des Systems&#8221; behandelt werden. &#8220;Was kann das Eigenkapital, die wir verfolgt haben, so dass Sie zu jedem seine eigene, beinhalten, daher k\u00f6nnen alle ein wenig und ein wenig steuernde Ausgaben entsprechend anzupassen und das ist die allgemeine Linie&#8221;, hat angedeutet.<\/p>\n<p>Perez hat darauf hingewiesen, dass die &#8220;Sitzung wurde anstrengend,&#8221; jedes Mal &#8220;behandelt das gesamte vorherige Dokument.&#8221; &#8220;Nun gibt es ein neues Dokument und neue Besprechung und es ist ein Prinzip der Vereinbarung, ohne Zweifel&#8221;.<\/p>\n<p>Fragte durch das, was ist das &#8220;Prinzip des Abkommens&#8221;, zu denen sowohl der Berater als auch der Vertreter der SIMEX angespielt haben, Fernando P\u00e9rez hat mitgeteilt, dass in Bezug auf Arbeitstag &#8220;hat eine andere T\u00fcr ge\u00f6ffnet, wo durch die Koordinatoren, Dienstleiter und andere, sowie eigenes Management, mit den Profis kann modular oder den Zeitplan anpassen&#8221;&#8221;, die Arbeitszeit, was Sie wirklich brauchen, System und Profis&#8221;.<\/p>\n<p>Auf der anderen Seite, erkl\u00e4rt, &#8220;wird links als gemeinsame, sicherlich, die auch band ben\u00f6tigt der Fachmann der auf jeden Fall geben Sie um 8.00 morgens und Ausfahrt um 15.30&#8221;.<\/p>\n<p>&#8220;Wir sind davon \u00fcberzeugt, dass nicht mehr eine starre Vorschlag zu sein, der wird weiterhin verwenden, k\u00f6nnen, Sie bleiben, aber die \u00c4rzte im allgemeinen weil sie f\u00fcr welche die meisten Anz\u00fcge der Service und die meisten entscheiden werden passt sie Ihnen auch,&#8221; erkl\u00e4rt<\/p>\n<p>&#8220;Ist nicht weit der Tag, den es kompensatorische Tage werden mit was es Ansammlungen, mit was er hat, andere Dienste, die gemacht werden k\u00f6nnten und in jedem Fall zu tun hat immer Vorrang, da diese Ausbildung auch dies im Sinne eine Weile in diesem Kapitel und in Berechnung Halbjahresberichte angegeben hat eine Konformit\u00e4t&#8221;, es wurde darauf hingewiesen.<\/p>\n","protected":false},"excerpt":{"rendered":"<p>MERIDA, 10 (EUROPA PRESS) Berater der Regierung von Extremadura (GobEx) und die \u00c4rzte haben &#8220;eine Einigung Prinzip&#8221;, die auf 37,5 Stunden pro Woche. Dies ist das Ergebnis von einem Treffen Freitag Merida f\u00fcr mehrere Stunden von Carron und Vertretern der Hochschulen f\u00fcr \u00c4rzte der C\u00e1ceres und Badajoz sowie der medizinischen Union Extremadura (Simex). Verantwortlich f\u00fcr [&hellip;]<\/p>\n","protected":false},"author":1,"featured_media":0,"comment_status":"close","ping_status":"open","sticky":false,"template":"","format":"standard","meta":{"footnotes":""},"categories":[3],"tags":[24554],"class_list":["post-13468","post","type-post","status-publish","format-standard","hentry","category-allgemeine","tag-gobierno-medicos","et-doesnt-have-format-content","et_post_format-et-post-format-standard"],"_links":{"self":[{"href":"https:\/\/www.best-dentist-dentistry.com\/de\/wp-json\/wp\/v2\/posts\/13468","targetHints":{"allow":["GET"]}}],"collection":[{"href":"https:\/\/www.best-dentist-dentistry.com\/de\/wp-json\/wp\/v2\/posts"}],"about":[{"href":"https:\/\/www.best-dentist-dentistry.com\/de\/wp-json\/wp\/v2\/types\/post"}],"author":[{"embeddable":true,"href":"https:\/\/www.best-dentist-dentistry.com\/de\/wp-json\/wp\/v2\/users\/1"}],"replies":[{"embeddable":true,"href":"https:\/\/www.best-dentist-dentistry.com\/de\/wp-json\/wp\/v2\/comments?post=13468"}],"version-history":[{"count":0,"href":"https:\/\/www.best-dentist-dentistry.com\/de\/wp-json\/wp\/v2\/posts\/13468\/revisions"}],"wp:attachment":[{"href":"https:\/\/www.best-dentist-dentistry.com\/de\/wp-json\/wp\/v2\/media?parent=13468"}],"wp:term":[{"taxonomy":"category","embeddable":true,"href":"https:\/\/www.best-dentist-dentistry.com\/de\/wp-json\/wp\/v2\/categories?post=13468"},{"taxonomy":"post_tag","embeddable":true,"href":"https:\/\/www.best-dentist-dentistry.com\/de\/wp-json\/wp\/v2\/tags?post=13468"}],"curies":[{"name":"wp","href":"https:\/\/api.w.org\/{rel}","templated":true}]}}