{"id":13522,"date":"2012-08-26T02:37:37","date_gmt":"2012-08-26T02:37:37","guid":{"rendered":null},"modified":"-0001-11-30T00:00:00","modified_gmt":"-0001-11-30T00:00:00","slug":"morales-solves-the-conflict-of-doctors-after-53-days-of-strike","status":"publish","type":"post","link":"https:\/\/www.best-dentist-dentistry.com\/de\/morales-solves-the-conflict-of-doctors-after-53-days-of-strike\/13522","title":{"rendered":"Morales l\u00f6st den Konflikt der \u00c4rzte nach 53 Tagen Streik"},"content":{"rendered":"<p class=\"first\"> <span class=\"yshortcuts\" id=\"lw_1337460135_7\"> La Paz<\/span>, 19. Mai (EFE).-<span class=\"yshortcuts\" id=\"lw_1337460135_0\"> Die Regierung<\/span> der bolivianische Pr\u00e4sident <span class=\"yshortcuts\" id=\"lw_1337460135_5\"> Evo Morales<\/span> heute besiedelt der Streik der Krankenh\u00e4user des Staates welche dauerte 53 Tage, zu ratifizieren, ein Dekret, das entspringt des Arbeitstages im Bereich von sechs bis acht Stunden und deren Aufhebung wurde von \u00c4rzten nicht erreicht, da sie <span class=\"yshortcuts\" id=\"lw_1337460135_6\"> medizinische versuchten,<\/span> ausgesetzt.<\/p>\n<p>Die Minister einer Regierung, Carlos Romero und der Pr\u00e4sident der medizinischen Hochschule Bolivien, Alfonso Nachbarschaften, ein Abkommen, das herstellt, der Sektor beh\u00e4lt seine Ablehnung des Dekrets, als unzureichend Aussetzung und k\u00fcndigte an, dass sie gegen die gleichen Forderungen in nationalen und internationalen Gerichten vorlegen werde.<\/p>\n<p>Entsprechend der Konvention k\u00f6nnen Forderungen angehoben werden, im Hof oder in der Interamerikanischen Kommission f\u00fcr Menschenrechte von der Organisation amerikanischer Staaten (OAS) wissen, ob das Dekret mit internationalen Standards kompatibel ist.<\/p>\n<p>Barrios erkl\u00e4rte, dass, mit der Unterst\u00fctzung der Regierung, sie Konsultationen Sorbe tun Dekret in internationalen Gremien, obwohl der Minister erkl\u00e4rte, dass die Exekutive begrentzt, die F\u00fchrer der was das Verfahren ist in solchen F\u00e4llen einzuhaltende.<\/p>\n<p>&#8220;Wenn sie den Standard noch in Frage stellen, k\u00f6nnen Herausforderung, Fragen Sie nach Meinungen auf der gleichen, aber das ist f\u00fcr uns eine Debatte, die auf den Gipfel der Gesundheit bewegt wird&#8221;, sagte Romero, unter Bezugnahme auf ein Treffen im Juli stattfinden, mit dem Ziel der Reformen f\u00fcr das Gesundheitswesen in Bolivien definieren.<\/p>\n<p>Morales verf\u00fcgte die Erh\u00f6hung der Arbeitszeit der \u00c4rzte mit dem Argument, dass es die Krankenhausversorgung verbessern w\u00fcrde, aber Sektor argumentierte, dass zwei Stunden Arbeit gesundheitliche Probleme nicht ver\u00e4ndern, da Krankenh\u00e4user und ihre Computer alt und arbeiten mit geringen Budgets am Ende Januar sind.<\/p>\n<p>\u00c4rzte auch argumentieren, dass sechs Stunden Arbeit eine Eroberung soziale 1970er nicht verlieren und mit ihrer Proteste sind, unterst\u00fctzt von den Gewerkschaften der Arbeiter in Krankenh\u00e4usern und Medizinstudenten, gezwungen Morales auf halten, obwohl sie nicht zur Aufhebung der it.<\/p>\n<p>Konflikt und den Streik, die Ende M\u00e4rz begann, l\u00f6ste Unruhen, die mehrere Verletzungen und Verhaftungen f\u00fchrten, und enthaltene Protesten in mehreren St\u00e4dten mit Demonstrationen und Stra\u00dfensperren, dass selbst begab sich internationale Stra\u00dfen schneiden.<\/p>\n<p>Einer der die j\u00fcngsten gewaltt\u00e4tigen Demonstrationen ereignete sich am Donnerstag, wenn Sch\u00fcler versucht, in einem Dorf am Stadtrand von der zentralen Stadt Cochabamba, ankommen, um protest gegen ein internationales Treffen von Studenten organisiert von der Organisation amerikanischer Staaten (OAS), Pr\u00e4ludium in der offiziellen Versammlung, die es von 3 bis 5 Juni stattfinden wird.<\/p>\n<p>Barrios sagte, dass 90 Prozent der \u00c4rztekammern das \u00dcbereinkommen akzeptiert, als der Rest, einschlie\u00dflich der von La Paz, einer der gr\u00f6\u00dften ist in Bolivien, die meisten respektiert.<\/p>\n<p>Auch das Abkommen sieht vor, dass die Regierung f\u00fchrt zum Erl\u00f6schen der Forderungen gerichtliche gegen \u00c4rzte und Akademiker sie randalierten die letzten paar Wochen und keine Zulagen sind L\u00f6hne abgezogen, f\u00fcr die Tage nicht gearbeitet, um das \u00c4ndern sie w\u00e4hrend ihres Urlaubs ersetzt.<\/p>\n<p>Der Pr\u00e4sident der \u00c4rzte f\u00fcgte hinzu, dass seit Montag den Sektor Pflege in Krankenh\u00e4usern in den Zustand zu normalisieren und best\u00e4tigt, dass sie an dem Treffen teilnehmen werden &#8220;Summit&#8221; die im Juli stattfinden werden.<\/p>\n<p>Romero f\u00fcgte hinzu, dass die Regierung zufrieden ist, weil es den Konflikt beenden, die seiner Ansicht nach Desentra\u00f1ado die Notwendigkeit f\u00fcr eine tiefer gehende Diskussion \u00fcber die Realit\u00e4t der Gesundheit des Landes.<\/p>\n<p>&#8220;Ich m\u00f6chte nicht zur\u00fcckblicken, (auf), was war, was die Mobilisierungen und dass Funktionen erworben, motiviert ich lieber freuen und Arbeit zusammen,&#8221; Romero sagte \u00c4rzte.<\/p>\n","protected":false},"excerpt":{"rendered":"<p>La Paz, 19. Mai (EFE).- Die Regierung der bolivianische Pr\u00e4sident Evo Morales heute besiedelt der Streik der Krankenh\u00e4user des Staates welche dauerte 53 Tage, zu ratifizieren, ein Dekret, das entspringt des Arbeitstages im Bereich von sechs bis acht Stunden und deren Aufhebung wurde von \u00c4rzten nicht erreicht, da sie medizinische versuchten, ausgesetzt. Die Minister einer [&hellip;]<\/p>\n","protected":false},"author":1,"featured_media":0,"comment_status":"close","ping_status":"open","sticky":false,"template":"","format":"standard","meta":{"footnotes":""},"categories":[3],"tags":[24627],"class_list":["post-13522","post","type-post","status-publish","format-standard","hentry","category-allgemeine","tag-grn","et-doesnt-have-format-content","et_post_format-et-post-format-standard"],"_links":{"self":[{"href":"https:\/\/www.best-dentist-dentistry.com\/de\/wp-json\/wp\/v2\/posts\/13522","targetHints":{"allow":["GET"]}}],"collection":[{"href":"https:\/\/www.best-dentist-dentistry.com\/de\/wp-json\/wp\/v2\/posts"}],"about":[{"href":"https:\/\/www.best-dentist-dentistry.com\/de\/wp-json\/wp\/v2\/types\/post"}],"author":[{"embeddable":true,"href":"https:\/\/www.best-dentist-dentistry.com\/de\/wp-json\/wp\/v2\/users\/1"}],"replies":[{"embeddable":true,"href":"https:\/\/www.best-dentist-dentistry.com\/de\/wp-json\/wp\/v2\/comments?post=13522"}],"version-history":[{"count":0,"href":"https:\/\/www.best-dentist-dentistry.com\/de\/wp-json\/wp\/v2\/posts\/13522\/revisions"}],"wp:attachment":[{"href":"https:\/\/www.best-dentist-dentistry.com\/de\/wp-json\/wp\/v2\/media?parent=13522"}],"wp:term":[{"taxonomy":"category","embeddable":true,"href":"https:\/\/www.best-dentist-dentistry.com\/de\/wp-json\/wp\/v2\/categories?post=13522"},{"taxonomy":"post_tag","embeddable":true,"href":"https:\/\/www.best-dentist-dentistry.com\/de\/wp-json\/wp\/v2\/tags?post=13522"}],"curies":[{"name":"wp","href":"https:\/\/api.w.org\/{rel}","templated":true}]}}