{"id":13590,"date":"2012-08-27T02:28:12","date_gmt":"2012-08-27T02:28:12","guid":{"rendered":null},"modified":"-0001-11-30T00:00:00","modified_gmt":"-0001-11-30T00:00:00","slug":"the-communities-of-the-pp-are-committed-with-the-goal-of-deficit","status":"publish","type":"post","link":"https:\/\/www.best-dentist-dentistry.com\/de\/the-communities-of-the-pp-are-committed-with-the-goal-of-deficit\/13590","title":{"rendered":"Die Gemeinschaften der PP sind verpflichtet, mit dem Ziel des Defizits"},"content":{"rendered":"<p class=\"first\"> MADRID (Reuters) &#8211; in einer Zeit, in denen M\u00e4rkte die Budgetdetails der autonomen Gemeinschaften in diesem Jahr, die Volkspartei (PP erwarten) veranstaltet am Samstag der regionalen F\u00fchrern Unterst\u00fctzung f\u00fcr seine Wirtschaftsreformen und die Verpflichtung zur Reduzierung des Haushaltsdefizits.<\/p>\n<p>&#8220;Alle wir sind entschlossen, um gr\u00f6\u00dfere Sparma\u00dfnahmen aus\u00fcben, so dass die Regeln und Richtlinien des Gesamthaushaltsplans des Staates in den entsprechenden Haushaltsplan der einzelnen autonomen Gemeinschaften Gesetze gesammelt werden&#8221;, sagte der Generalsekret\u00e4r der PP und Pr\u00e4sident der Autonomen Gemeinschaft Kastilien &#8211; La Mancha, Spanien, Mar\u00eda Dolores de Cospedal, nach einem Treffen der regionalen und lokalen Vorsitzenden seiner Partei in der Zentrale in Madrid.<\/p>\n<p>Nach der Annahme des allgemeinen Haushalts f\u00fcr das Jahr 2012, den Markt und einige internationalen Organisationen &#8211; wie die EZB &#8211; erwarten die Haushaltspl\u00e4ne der autonomen Gemeinschaften, die entfallen mehr als die H\u00e4lfte der \u00f6ffentlichen Ausgaben und waren verantwortlich f\u00fcr die Abzweigung von den Zielen des Defizits im Jahr 2011 gro\u00dfen.<\/p>\n<p>De Cospedal im Hinblick auf die Ank\u00fcndigung diese Woche von der Regierung zu 10 Milliarden Euro in Bildung und Gesundheit zu schneiden, gesagt, dass die autonomen Gemeinschaften seiner Partei in ihren Haushalten enthalten w\u00fcrde.<\/p>\n<p>&#8220;Vorsitzenden der PP-wir haben uns um alles fix verpflichtet, die kommen in unsere Gesetze von Budgets, und dies im Gesetz \u00fcber die allgemeine staatliche Haushalt einflie\u00dfen beinhaltet diese Rubrik (von 10000 Millionen Euro), denn es wird enthalten,&#8221; sagte er.<\/p>\n<p>Ziel: das Defizit zu erf\u00fcllen<\/p>\n<p>De Cospedal f\u00fcgte hinzu, dass die regionalen Vorsitzenden seiner Partei begangen hatte, um seine Defizitziele zu erf\u00fcllen, denn Spanien erf\u00fcllt seine Verpflichtungen nach Br\u00fcssel eine Defizit von 5,8 Prozent des BIP in diesem Jahr bis 8,5 Prozent des BIP erreichen die 2011 geschlossen.<\/p>\n<p>Spanische Regierung bereits begann im M\u00e4rz die meisten der autonomen Gemeinschaften ein Abkommen, dass dieses Jahr eine maximale Defizit von 1,5 Prozent des Bruttoinlandsprodukts (BIP), nicht \u00fcberschreiten, obwohl er die Abstimmung gegen Andalusien und die Enthaltung von Kanarische Inseln Katalonien, drei von den paar Autonomien fand, die regelt nicht die PP.<\/p>\n<p>Der Generalsekret\u00e4r der PP sagte bei dem Treffen mit den Freiherren von seiner Partei nicht es sprach von einer eventuellen R\u00fcckkehr der Befugnisse Gemeinschaften, obwohl ja eine Neuanordnung.<\/p>\n<p>&#8220;Ja (diskutiert) tun viel mehr rational services und Ressourcen viel effektiver verwalten&#8221;, sagte.<\/p>\n<p>Die wichtigsten regionalen K\u00f6pfe der PP, die in 11 der 17 autonomen Gemeinschaften regelt, unterst\u00fctzt die Botschaft der Sparma\u00dfnahmen der Regierung vor der Besprechung.<\/p>\n<p>&#8220;Wir m\u00fcssen streben alle, sein strenger, effizientere und \u00dcberschneidungen zwischen den alle dazu beitragen, der L\u00f6sung f\u00fcr unsere Gemeinden auch die L\u00f6sung f\u00fcr Spanien, machen&#8221;, sagte Journalisten Alberto Fabra, Pr\u00e4sident der Region Valencia, einer der am st\u00e4rksten verschuldeten Spaniens.<\/p>\n","protected":false},"excerpt":{"rendered":"<p>MADRID (Reuters) &#8211; in einer Zeit, in denen M\u00e4rkte die Budgetdetails der autonomen Gemeinschaften in diesem Jahr, die Volkspartei (PP erwarten) veranstaltet am Samstag der regionalen F\u00fchrern Unterst\u00fctzung f\u00fcr seine Wirtschaftsreformen und die Verpflichtung zur Reduzierung des Haushaltsdefizits. &#8220;Alle wir sind entschlossen, um gr\u00f6\u00dfere Sparma\u00dfnahmen aus\u00fcben, so dass die Regeln und Richtlinien des Gesamthaushaltsplans des [&hellip;]<\/p>\n","protected":false},"author":1,"featured_media":0,"comment_status":"close","ping_status":"open","sticky":false,"template":"","format":"standard","meta":{"footnotes":""},"categories":[3],"tags":[],"class_list":["post-13590","post","type-post","status-publish","format-standard","hentry","category-allgemeine","et-doesnt-have-format-content","et_post_format-et-post-format-standard"],"_links":{"self":[{"href":"https:\/\/www.best-dentist-dentistry.com\/de\/wp-json\/wp\/v2\/posts\/13590","targetHints":{"allow":["GET"]}}],"collection":[{"href":"https:\/\/www.best-dentist-dentistry.com\/de\/wp-json\/wp\/v2\/posts"}],"about":[{"href":"https:\/\/www.best-dentist-dentistry.com\/de\/wp-json\/wp\/v2\/types\/post"}],"author":[{"embeddable":true,"href":"https:\/\/www.best-dentist-dentistry.com\/de\/wp-json\/wp\/v2\/users\/1"}],"replies":[{"embeddable":true,"href":"https:\/\/www.best-dentist-dentistry.com\/de\/wp-json\/wp\/v2\/comments?post=13590"}],"version-history":[{"count":0,"href":"https:\/\/www.best-dentist-dentistry.com\/de\/wp-json\/wp\/v2\/posts\/13590\/revisions"}],"wp:attachment":[{"href":"https:\/\/www.best-dentist-dentistry.com\/de\/wp-json\/wp\/v2\/media?parent=13590"}],"wp:term":[{"taxonomy":"category","embeddable":true,"href":"https:\/\/www.best-dentist-dentistry.com\/de\/wp-json\/wp\/v2\/categories?post=13590"},{"taxonomy":"post_tag","embeddable":true,"href":"https:\/\/www.best-dentist-dentistry.com\/de\/wp-json\/wp\/v2\/tags?post=13590"}],"curies":[{"name":"wp","href":"https:\/\/api.w.org\/{rel}","templated":true}]}}