{"id":13605,"date":"2012-08-27T02:33:03","date_gmt":"2012-08-27T02:33:03","guid":{"rendered":null},"modified":"-0001-11-30T00:00:00","modified_gmt":"-0001-11-30T00:00:00","slug":"rajoy-announced-reforms-to-every-friday-spanish-protest","status":"publish","type":"post","link":"https:\/\/www.best-dentist-dentistry.com\/de\/rajoy-announced-reforms-to-every-friday-spanish-protest\/13605","title":{"rendered":"Rajoy angek\u00fcndigten Reformen &#8220;jeden Freitag&#8221;, spanischer protest"},"content":{"rendered":"<p class=\"first\"> MADRID (Reuters) &#8211; der Pr\u00e4sident der spanischen Regierung, Mariano Rajoy, Sonntag verteidigte seine reformistische Tagesordnung zu bew\u00e4ltigen, die Krise des Landes, w\u00e4hrend Demonstrationen gegen die K\u00fcrzungen im \u00f6ffentlichen Dienst von Gesundheit und Bildung in Dutzenden von St\u00e4dten Spaniens stattfanden.<\/p>\n<p>Rajoy k\u00fcndigte an, dass jeden Freitag in der Ministerrat neue Ma\u00dfnahmen &#8220;positiver, notwendig und erforderlich als je zuvor&#8221; genehmigen w\u00fcrde, aber gewarnt, dass sie die \u00c4nderung die Situation in dem Land, mit einer Wirtschaft in einer Rezession nehmen w\u00fcrde und ein Banking sector den Fokus der M\u00e4rkte.<\/p>\n<p>&#8220;Wird jeden Freitag weiterhin Reformen, die auch, und sehr wichtig (&#8230;)&#8221; &#8220;Wir werden weiter herrschenden, tun alles, was Sie brauchen, um von hier,&#8221; sagte am Abschluss des Kongresses von seiner Volkspartei (PP) in Madrid.<\/p>\n<p>&#8220;Wir arbeiten um die Situation zu verwandeln.&#8221; Wir werden tun, doch ich sage euch, es geht um Kosten (&#8230;) &#8220;Eine reformistische Tagesordnung wurde zum Ausgangspunkt des morgens Spanien, sagte ist.<\/p>\n<p>Tausende Menschen protestierten zur gleichen Zeit in den Stra\u00dfen die K\u00fcrzungen angek\u00fcndigt in Sektoren wie Gesundheit und Bildung, die voraussichtlich eine Einsparung von 7.000 und 3.000 Millionen Euro beziehungsweise f\u00fcr das Ziel der drastischen Senkung des Defizits in zwei Jahren zu erm\u00f6glichen.<\/p>\n<p>Rajoy r\u00e4umte ein, dass seine Regierung Ma\u00dfnahmen, die nicht in sein Wahlprogramm angenommen hat, wie Steuererh\u00f6hungen oder die angek\u00fcndigte f\u00fcr 2013 bereits implementiert, aber gesagt, dass es keine Alternative.<\/p>\n<p>&#8220;Voll und ganz verstehen viele Menschen, die von den Beschl\u00fcssen wir machen betroffen sind, weil ich bin mir absolut bewusst was wir tun&#8221;, sagte.<\/p>\n<p>Spanien lebt der zweiten Rezession seit drei Jahren mit einer Rate von 24,4 Prozent Arbeitslosigkeit, und kehrte zur\u00fcck ins Zentrum von der Schuldenkrise der Euro-Zone nach Rating-Agentur S &amp; p das Rating in zwei Schritten von der Unsicherheit reduziert, die nationale Wirtschaft weckt.<\/p>\n<p>In die offene Debatte in Europa \u00fcber die Notwendigkeit Konjunkturprogramme und nicht nur Schnitte, Rajoy sagte, dass Spanien Wachstumspolitik unterst\u00fctzen w\u00fcrde, aber auch seine Verteidigung der Sparsamkeit bekr\u00e4ftigt.<\/p>\n<p>Sonntag herauskam Tausende von Menschen auf den Stra\u00dfen von spanischen St\u00e4dten, K\u00fcrzungen zu protestieren.<\/p>\n<p>Mit Spruchb\u00e4ndern wie &#8220;Bildung, Gesundheit und Arbeit nicht spielen&#8221;, Jugendliche und Rentner vermischte sich mit Familien, die an einen Marsch in der Hauptstadt eine intermittierende Regen trotzen und trotz ein langes Wochenende durch zwei Feiertage in Madrid n\u00e4chste Woche \u00fcberein.<\/p>\n<p>Zwischen Geschrei gegen die Bank, Washington oder die deutsche Bundeskanzlerin Angela Merkel, in der M\u00e4rz-Madrid lesen Sie andere Banner, z. B.&#8221;erziehen zu investieren, nicht ausgeben&#8221; und &#8220;schneidet in Gesundheit = rechtliche Kriminalit\u00e4t&#8221;.<\/p>\n<p>Demonstrationen finden statt, genau einen Monat nach dem ersten Generalstreik gegen die Regierung von Rajoy, die auf der Stra\u00dfe zu Hunderttausenden von B\u00fcrgern in ganz Spanien in einer Probe von Ablehnung zu seiner Arbeitsreform gegangen.<\/p>\n<p>Der Tag der Proteste statt, zus\u00e4tzlich zu zwei Tage vor der traditionellen kann 1 M\u00e4rsche, die die Ank\u00fcndigung der neuen Ma\u00dfnahmen der Kraft Szenario sein k\u00f6nnte.<\/p>\n<p>(Geschrieben von Blanca Rodriguez Stein.) und Teresa Medrano bei der Ausarbeitung von Madrid Zus\u00e4tzliche Bericht von Carlos Ruano. (Herausgegeben von Marion Giraldo)<\/p>\n","protected":false},"excerpt":{"rendered":"<p>MADRID (Reuters) &#8211; der Pr\u00e4sident der spanischen Regierung, Mariano Rajoy, Sonntag verteidigte seine reformistische Tagesordnung zu bew\u00e4ltigen, die Krise des Landes, w\u00e4hrend Demonstrationen gegen die K\u00fcrzungen im \u00f6ffentlichen Dienst von Gesundheit und Bildung in Dutzenden von St\u00e4dten Spaniens stattfanden. Rajoy k\u00fcndigte an, dass jeden Freitag in der Ministerrat neue Ma\u00dfnahmen &#8220;positiver, notwendig und erforderlich als [&hellip;]<\/p>\n","protected":false},"author":1,"featured_media":0,"comment_status":"close","ping_status":"open","sticky":false,"template":"","format":"standard","meta":{"footnotes":""},"categories":[3],"tags":[24693],"class_list":["post-13605","post","type-post","status-publish","format-standard","hentry","category-allgemeine","tag-to-do","et-doesnt-have-format-content","et_post_format-et-post-format-standard"],"_links":{"self":[{"href":"https:\/\/www.best-dentist-dentistry.com\/de\/wp-json\/wp\/v2\/posts\/13605","targetHints":{"allow":["GET"]}}],"collection":[{"href":"https:\/\/www.best-dentist-dentistry.com\/de\/wp-json\/wp\/v2\/posts"}],"about":[{"href":"https:\/\/www.best-dentist-dentistry.com\/de\/wp-json\/wp\/v2\/types\/post"}],"author":[{"embeddable":true,"href":"https:\/\/www.best-dentist-dentistry.com\/de\/wp-json\/wp\/v2\/users\/1"}],"replies":[{"embeddable":true,"href":"https:\/\/www.best-dentist-dentistry.com\/de\/wp-json\/wp\/v2\/comments?post=13605"}],"version-history":[{"count":0,"href":"https:\/\/www.best-dentist-dentistry.com\/de\/wp-json\/wp\/v2\/posts\/13605\/revisions"}],"wp:attachment":[{"href":"https:\/\/www.best-dentist-dentistry.com\/de\/wp-json\/wp\/v2\/media?parent=13605"}],"wp:term":[{"taxonomy":"category","embeddable":true,"href":"https:\/\/www.best-dentist-dentistry.com\/de\/wp-json\/wp\/v2\/categories?post=13605"},{"taxonomy":"post_tag","embeddable":true,"href":"https:\/\/www.best-dentist-dentistry.com\/de\/wp-json\/wp\/v2\/tags?post=13605"}],"curies":[{"name":"wp","href":"https:\/\/api.w.org\/{rel}","templated":true}]}}