{"id":1368,"date":"2013-07-01T11:10:05","date_gmt":"2013-07-01T11:10:05","guid":{"rendered":null},"modified":"2013-07-01T11:10:05","modified_gmt":"2013-07-01T11:10:05","slug":"the-eu-and-south-africa-try-today-to-the-economic-crisis-libya-and-the-climate-in-its-fourth-bilateral-summit","status":"publish","type":"post","link":"https:\/\/www.best-dentist-dentistry.com\/de\/the-eu-and-south-africa-try-today-to-the-economic-crisis-libya-and-the-climate-in-its-fourth-bilateral-summit\/1368","title":{"rendered":"Die EU und S\u00fcdafrika versuchen heute, die Wirtschaftskrise, Libyen und das Klima in ihrem vierten bilaterale Gipfel"},"content":{"rendered":"<p>Skukuza (S\u00fcdafrika), 15 Sep (EFE).-der Europ\u00e4ischen Union (EU) und S\u00fcdafrika hat heute in diesem Land seine vierte bilaterale Gipfel zur Verbesserung der Beziehungen und Konsens \u00fcber die Wirtschaftskrise, Klimawandel und die Lage in Libyen.<\/p>\n<p>Die Pr\u00e4sidenten des Europ\u00e4ischen Rates, Herman Van Rompuy, und der Europ\u00e4ischen Kommission (EG, die EU-Exekutive), Jos\u00e9 Manuel Dur\u00e3o Barroso, Leiter der Delegation der Europ\u00e4ischen, das interview mit Pr\u00e4sident von S\u00fcdafrika, Jacob Zuma, und sechs seiner Minister.<\/p>\n<p>Der Gipfel-Tagesordnung Handels-, Wirtschafts- und Sicherheitsfragen sowie Diskussionen im Vorfeld der Konferenz der Vereinten Nationen \u00fcber Klima\u00e4nderungen (COP-17), das Durban (S\u00fcdafrika) von 28 November bis Dezember hosten wird kommen.<\/p>\n<p>Der s\u00fcdafrikanischen Regierung hat sich als Austragungsort f\u00fcr den Gipfel der Skukuza komplexe im Herzen der Kruger National Park, einer der gr\u00f6\u00dften in der Welt, mit seinen europ\u00e4ischen Partnern zu den Herausforderungen der globalen Erw\u00e4rmung und seine verheerenden Auswirkungen auf die \u00d6kosysteme wie der Park selbst nat\u00fcrlichen.<\/p>\n<p>EU-S\u00fcdafrika machen auch Bem\u00fchungen um Fortschritte bei den Verhandlungen des G20-Gipfels (eine Gruppe von reichen und aufstrebenden L\u00e4ndern) zur Bew\u00e4ltigung der Wirtschaftskrise und die Rolle der Schwellenl\u00e4nder des Blocks BRIC-Staaten (Brasilien, Russland, Indien, China und S\u00fcdafrika) Umgang mit der Bedrohung durch eine neue Rezession.<\/p>\n<p>Europa will ich hin auch Positionen mit den afrikanischen Staaten auf der internationalen Reaktion auf die Herausforderungen, die nach den Revolutionen Pro-demokratischen in arabischen L\u00e4ndern wie Libyen.<\/p>\n<p>S\u00fcdafrika, leitet der hochrangigen Ausschuss f\u00fcr Libyen der Afrikanischen Union (AU) und drehen im Rat der Sicherheit von den Vereinten Nationen (UNO)-Reihen, hat Spitze ein Sektors kritisch die AU mit der Rolle des Nationalrates der \u00dcbergang (CNT) in ihrem Kampf gegen das Regime von Muammar al-Gaddafi.<\/p>\n<p>Zuma nimmt an dem EU-Gipfel mit der Botschaft der die afrikanische Gruppe traf gestern in Pretoria und bekr\u00e4ftigt sein Engagement f\u00fcr eine Regierung der Eingliederung national mit allen Parteien in dem Konflikt, sowie seine Weigerung, anzuerkennen, f\u00fcr den Augenblick, die Rebellen der CNT.<\/p>\n<p>Ein anderes Thema in der Tabelle werden die Vorbereitung der Konferenz der Vereinten Nationen-Entwicklung und Umweltschutz (R\u00edo + 20), n\u00e4chstes Jahr in Rio De Janeiro (Brasilien) stattfinden.<\/p>\n<p>Der Pr\u00e4sident des Europ\u00e4ischen Rates, der belgischen Herman Van Rompuy (links) und der Pr\u00e4sident der Europ\u00e4ischen Kommission, Jos\u00e9 Manuel Dur\u00e3o Barroso (R), Willkommen s\u00fcdafrikanische Pr\u00e4sident Jacob Zuma, vor dem letzten Jahr der EU-Gipfel in der Zentrale des Europ\u00e4ischen Rates in Br\u00fcssel (Belgien). EFE-Datei<\/p>\n","protected":false},"excerpt":{"rendered":"<p>Skukuza (S\u00fcdafrika), 15 Sep (EFE).-der Europ\u00e4ischen Union (EU) und S\u00fcdafrika hat heute in diesem Land seine vierte bilaterale Gipfel zur Verbesserung der Beziehungen und Konsens \u00fcber die Wirtschaftskrise, Klimawandel und die Lage in Libyen. Die Pr\u00e4sidenten des Europ\u00e4ischen Rates, Herman Van Rompuy, und der Europ\u00e4ischen Kommission (EG, die EU-Exekutive), Jos\u00e9 Manuel Dur\u00e3o Barroso, Leiter der [&hellip;]<\/p>\n","protected":false},"author":1,"featured_media":0,"comment_status":"close","ping_status":"open","sticky":false,"template":"","format":"standard","meta":{"footnotes":""},"categories":[3],"tags":[5586,5585],"class_list":["post-1368","post","type-post","status-publish","format-standard","hentry","category-allgemeine","tag-bilaterale","tag-konsum","et-doesnt-have-format-content","et_post_format-et-post-format-standard"],"_links":{"self":[{"href":"https:\/\/www.best-dentist-dentistry.com\/de\/wp-json\/wp\/v2\/posts\/1368","targetHints":{"allow":["GET"]}}],"collection":[{"href":"https:\/\/www.best-dentist-dentistry.com\/de\/wp-json\/wp\/v2\/posts"}],"about":[{"href":"https:\/\/www.best-dentist-dentistry.com\/de\/wp-json\/wp\/v2\/types\/post"}],"author":[{"embeddable":true,"href":"https:\/\/www.best-dentist-dentistry.com\/de\/wp-json\/wp\/v2\/users\/1"}],"replies":[{"embeddable":true,"href":"https:\/\/www.best-dentist-dentistry.com\/de\/wp-json\/wp\/v2\/comments?post=1368"}],"version-history":[{"count":0,"href":"https:\/\/www.best-dentist-dentistry.com\/de\/wp-json\/wp\/v2\/posts\/1368\/revisions"}],"wp:attachment":[{"href":"https:\/\/www.best-dentist-dentistry.com\/de\/wp-json\/wp\/v2\/media?parent=1368"}],"wp:term":[{"taxonomy":"category","embeddable":true,"href":"https:\/\/www.best-dentist-dentistry.com\/de\/wp-json\/wp\/v2\/categories?post=1368"},{"taxonomy":"post_tag","embeddable":true,"href":"https:\/\/www.best-dentist-dentistry.com\/de\/wp-json\/wp\/v2\/tags?post=1368"}],"curies":[{"name":"wp","href":"https:\/\/api.w.org\/{rel}","templated":true}]}}