{"id":13864,"date":"2012-09-01T02:33:49","date_gmt":"2012-09-01T02:33:49","guid":{"rendered":null},"modified":"-0001-11-30T00:00:00","modified_gmt":"-0001-11-30T00:00:00","slug":"concentrations-in-hospitals-begin-demonstrations-against-the-haircuts","status":"publish","type":"post","link":"https:\/\/www.best-dentist-dentistry.com\/de\/concentrations-in-hospitals-begin-demonstrations-against-the-haircuts\/13864","title":{"rendered":"concentrations in hospitals begin demonstrations against the haircuts"},"content":{"rendered":"<p class=\"first\"> Madrid, 10. Mai (EFE).-die Konzentrationen in den T\u00fcren von Krankenh\u00e4usern und Gesundheitszentren einberufen, der von den Gewerkschaften f\u00fcr heute in den autonomen Gemeinschaften sind der Anfang eines Kalenders der Mobilisierung &#8220;weiterhin in Time&#8221;, die als &#8220;schneidet&#8221; materialisieren sind steigen wird.<\/p>\n<p>Hatte hervorgehobenen Vertreter der FSP-UGT, CCOO-FSS, SATSE, CEMSATSE und CSI-F, die repr\u00e4sentativsten Organisationen im Bereich der Gesundheit, bei einer Pressekonferenz in der sektoralen Tabelle haben das K\u00f6nigliche Dekret \u00fcber dringende Ma\u00dfnahmen zur Nachhaltigkeit der Gesundheit, in mancher Hinsicht verfassungswidrig angesehen &#8220;Kratzen&#8221; gesch\u00e4tzt.<\/p>\n<p>Gewerkschaften wird nicht ausgeschlossen, dass alle Ma\u00dfnahmen zur Verhinderung des Dekrets \u00fcbersetzt und Implantat, wie durch das Ministerium f\u00fcr Gesundheit, soziale Dienste und UGT, Pilar Navarro Abh\u00e4ngigkeit gewarnt.<\/p>\n<p>Im Moment die Mobilisierungen beginnen heute mit Konzentrationen von zwanzig Minuten in allen \u00f6ffentlichen Krankenh\u00e4usern und Gesundheitszentren, zwischen 10.30 und 11.30 Uhr, und die zentrale Veranstaltung in Madrid stattfinden wird um 12.00 Uhr in La Paz.<\/p>\n<p>Navarro hat betont, dass sie keine \u00c4nderung im Gesundheitswesen-Modell unterst\u00fctzt werden &#8220;, die wir gemeinsam aufgebaut haben&#8221; und dass das Dekret &#8220;absolut&#8221; &#8220;in irgendeiner Weise&#8221; \u00e4ndern.<\/p>\n<p>Der Generalsekret\u00e4r des Bundes der Gesundheit und sozialen Bereichen der CCOO, Antonio Cabrera, gilt als die einzige M\u00f6glichkeit, die Reformen zu stoppen ist, dass der B\u00fcrger wissen, was geschieht.<\/p>\n<p>Obwohl seine juristischen Dienstleistungen Studium sind m\u00f6gliche Verfassungswidrigkeit der Norm selbst h\u00e4tte Rechtsmittel, Gewerkschaften glauben, dass durch das Gesetz es schwierig, die Reformen zu stoppen sein wird.<\/p>\n<p>&#8220;Wenn B\u00fcrger nicht die Stra\u00dfe kaum verpassen wird wiederum wie Profis mobilisiert wurden&#8221;, betonte Cabrera.<\/p>\n<p>In die gleiche Richtung, der Vertreter der UGT hat darauf hingewiesen, dass &#8220;Wir m\u00fcssen jetzt die Stra\u00dfe zusammen einnehmen&#8221;, da Gerichtsentscheidungen Ihre Zeit ben\u00f6tigen.<\/p>\n<p>Der Pr\u00e4sident des Sektors der Gesundheit der CSI-F, Fernando Molina, hat sich ausgewirkt, dass die Reformen nicht sind zu den 7 Milliarden Euro an Einsparungen der Regierung zu erreichen, so ist es bef\u00fcrchtete &#8220;Weitere Schnitte&#8221;.<\/p>\n<p>Molina wurde hervorgehoben, dass die neue Droge-Copay einen wirtschaftlichen &#8220;Einzug&#8221; f\u00fcr viele B\u00fcrger bedeuten wird und der R\u00fcckzug der Gesundheitskarte f\u00fcr irregul\u00e4re Migranten sind &#8220;massiv&#8221; Notf\u00e4lle &#8220;.<\/p>\n<p>Dieser letzten Ma\u00dfnahme, Gewerkschaftsvertreter vereinbart, dass \u00c4rzte Gesundheitsversorgung f\u00fcr alle Menschen garantiert.<\/p>\n<p>&#8220;Keine professionellen verlassen verlassene ein Patient bei weitem, die sagen, das K\u00f6nigliche Dekret&#8221;, bemerkte Molina.<\/p>\n<p>Und nicht nur f\u00fcr die Menschheit, erkl\u00e4rte des Vertreters der CCOO, aber aufgrund von Problemen der \u00f6ffentlichen Gesundheit, &#8220;und dass die Regierung wei\u00df&#8221;.<\/p>\n<p>Cabrera hat daran erinnert, dass das spanische Modell mehr Funktionen als andere L\u00e4nder in der Umgebung trotz der Tatsache bietet, dass die pro-Kopf-Ausgaben geringer.<\/p>\n<p>Darauf hingewiesen, dass &#8220;Schnitte&#8221; kommen, um Anpassungen beeinflussen, die bereits in vielen autonomen Gemeinschaften, Durchf\u00fchrung sind deren Gesundheitsbudgets haben vier Jahre zur\u00fcckzog.<\/p>\n<p>Dieser &#8220;Infrafinanciacion&#8221; bringt Sie zum &#8220;brach das System von innen heraus&#8221;, hervorgehoben durch Cabrera, wer erkannt hat, dass das Gesundheitssystem Reformen erfordert &#8220;, aber nicht durch K\u00fcrzungen&#8221;.<\/p>\n<p>Ma\u00dfnahmen Gewerkschaften verbringen Steuerelement pharmazeutische Ausgaben, Investitionen in der Grundversorgung, &#8220;welches auf lange Sicht ist eine erhebliche Einsparungen erzielt,&#8221; und organisatorische Aspekte zu verbessern.<\/p>\n<p>Daher haben immer wieder fordert die Regierung die sektorale Tabelle der Gesundheit mit dem Ziel des Erreichens eines Paktes &#8220;for all Time&#8221; einzuberufen und geben Amtszeit bis zum 30. Juni.<\/p>\n<p>&#8220;Mehr als je zuvor jetzt wesentlich zu diesem Forum ist&#8221;, betont von.<\/p>\n","protected":false},"excerpt":{"rendered":"<p>Madrid, 10. Mai (EFE).-die Konzentrationen in den T\u00fcren von Krankenh\u00e4usern und Gesundheitszentren einberufen, der von den Gewerkschaften f\u00fcr heute in den autonomen Gemeinschaften sind der Anfang eines Kalenders der Mobilisierung &#8220;weiterhin in Time&#8221;, die als &#8220;schneidet&#8221; materialisieren sind steigen wird. Hatte hervorgehobenen Vertreter der FSP-UGT, CCOO-FSS, SATSE, CEMSATSE und CSI-F, die repr\u00e4sentativsten Organisationen im Bereich [&hellip;]<\/p>\n","protected":false},"author":1,"featured_media":0,"comment_status":"close","ping_status":"open","sticky":false,"template":"","format":"standard","meta":{"footnotes":""},"categories":[3],"tags":[],"class_list":["post-13864","post","type-post","status-publish","format-standard","hentry","category-allgemeine","et-doesnt-have-format-content","et_post_format-et-post-format-standard"],"_links":{"self":[{"href":"https:\/\/www.best-dentist-dentistry.com\/de\/wp-json\/wp\/v2\/posts\/13864","targetHints":{"allow":["GET"]}}],"collection":[{"href":"https:\/\/www.best-dentist-dentistry.com\/de\/wp-json\/wp\/v2\/posts"}],"about":[{"href":"https:\/\/www.best-dentist-dentistry.com\/de\/wp-json\/wp\/v2\/types\/post"}],"author":[{"embeddable":true,"href":"https:\/\/www.best-dentist-dentistry.com\/de\/wp-json\/wp\/v2\/users\/1"}],"replies":[{"embeddable":true,"href":"https:\/\/www.best-dentist-dentistry.com\/de\/wp-json\/wp\/v2\/comments?post=13864"}],"version-history":[{"count":0,"href":"https:\/\/www.best-dentist-dentistry.com\/de\/wp-json\/wp\/v2\/posts\/13864\/revisions"}],"wp:attachment":[{"href":"https:\/\/www.best-dentist-dentistry.com\/de\/wp-json\/wp\/v2\/media?parent=13864"}],"wp:term":[{"taxonomy":"category","embeddable":true,"href":"https:\/\/www.best-dentist-dentistry.com\/de\/wp-json\/wp\/v2\/categories?post=13864"},{"taxonomy":"post_tag","embeddable":true,"href":"https:\/\/www.best-dentist-dentistry.com\/de\/wp-json\/wp\/v2\/tags?post=13864"}],"curies":[{"name":"wp","href":"https:\/\/api.w.org\/{rel}","templated":true}]}}