{"id":13893,"date":"2012-09-01T02:39:22","date_gmt":"2012-09-01T02:39:22","guid":{"rendered":null},"modified":"-0001-11-30T00:00:00","modified_gmt":"-0001-11-30T00:00:00","slug":"salvadoran-agencies-ask-citizens-to-stop-using-tobacco","status":"publish","type":"post","link":"https:\/\/www.best-dentist-dentistry.com\/de\/salvadoran-agencies-ask-citizens-to-stop-using-tobacco\/13893","title":{"rendered":"salvadoran agencies ask citizens to stop using tobacco"},"content":{"rendered":"<p class=\"first\"> <span class=\"yshortcuts\" id=\"lw_1338145109_3\"> San Salvador<\/span>, 27. Mai (EFE).-<span class=\"yshortcuts\" id=\"lw_1338145109_0\"> das Gesundheitsministerium von El Salvador<\/span>, zusammen mit verschiedenen unabh\u00e4ngigen Agenturen, heute fordert die salvadorianische Gesellschaft, insbesondere Jugendliche, beenden Sie die Verwendung von Tabak wegen der schweren Sch\u00e4den f\u00fcr die Gesundheit.<\/p>\n<p>&#8220;Diesen Tag wollen wir das Problem des Rauchens zu sensibilisieren&#8221;, sagte sie \u00fcber die Sch\u00e4den f\u00fcr die Gesundheit, Efe Ana Yansi Vega, Koordinator der Tabak Verbrauch Einstellung Klinik des staatlichen Krankenhauses Rosales, zur Teilnahme an einer Demonstration zum Gedenken an die <span class=\"yshortcuts\" id=\"lw_1338145109_5\"> Welt keine Weltnichtrauchertag<\/span>, die auf internationaler Ebene 31. M\u00e4rz stattfinden wird.<\/p>\n<p>Muss aufh\u00f6ren, Tabak wegen der Probleme, die, wie &#8220;Lunge, Herz, Gehirn,&#8221; unter anderem verursachen betonte Vega.<\/p>\n<p>Rauchen in El Salvador Lage &#8220;sehr schwierig&#8221; weil &#8220;die neueste Umfrage (der Gesundheit)-Kinder im Alter von 13-15 34 Prozent bereits geraucht oder verwendet&#8221; und &#8220;50 Prozent von ihnen begann im Alter von 10,&#8221; sagte Efe Eduardo Ortiz, Umwelt und Gesundheit und des Risikomanagements der Pan American Health Organization (PAHO) Beraterin.<\/p>\n<p>Der Marsch, genannt &#8220;Kinder und junge Menschen aufwachsen ohne Tabak&#8221; erfolgte im Rahmen der Welt keine Tabak-Tag, das 1987 mit dem Ziel der Verringerung der Konsum in der Bev\u00f6lkerung von PAHO verordnet wurde.<\/p>\n<p>W\u00e4hrend des Marsches, die einige der wichtigsten Stra\u00dfen der salvadorianischen Hauptstadt tourte, \u00fcbergab die Gesundheitsbeh\u00f6rden Dokumente mit Informationen \u00fcber die Sch\u00e4den, die durch Tabakkonsum.<\/p>\n<p>Laut Angaben der PAHO der wichtigste Risikofaktor zugeordnet den Tod von fast 6 Millionen Menschen weltweit und das vorzeitige Auftreten von chronischen nicht \u00fcbertragbare Krankheiten, wie Krebs, Tabak Verbrauch is<\/p>\n<p>El Salvador ist das nur zentralamerikanische Land, das nicht dem Rahmen\u00fcbereinkommen der Weltgesundheitsorganisation zur Tabakkontrolle, ratifiziert hat, die von 173 Nationen unterzeichnet wurde hervorgehoben Ortiz.<\/p>\n<p>, Allerdings hat das Gesetz zur Tabakkontrolle, in Kraft getretene im August letzten Jahres, sondern noch bed\u00fcrfen der Zustimmung der &#8220;Regeln&#8221;, so dass er &#8220;mit all seiner Kraft angewendet werden kann&#8221;, f\u00fcgte er hinzu.<\/p>\n<p>Eduardo Ortiz, Umweltgesundheit Berater und Risiko-Management der Pan-American-Organisation der Gesundheit (PAHO) angegeben, dass das Rauchen in El Salvador Lage &#8220;sehr schwierig&#8221;, weil &#8220;die j\u00fcngste Kinder 13-15 Jahre um 34 Prozent Umfrage bereits ger\u00e4uchert oder geraucht&#8221; nach. WireImage \/<\/p>\n","protected":false},"excerpt":{"rendered":"<p>San Salvador, 27. Mai (EFE).- das Gesundheitsministerium von El Salvador, zusammen mit verschiedenen unabh\u00e4ngigen Agenturen, heute fordert die salvadorianische Gesellschaft, insbesondere Jugendliche, beenden Sie die Verwendung von Tabak wegen der schweren Sch\u00e4den f\u00fcr die Gesundheit. &#8220;Diesen Tag wollen wir das Problem des Rauchens zu sensibilisieren&#8221;, sagte sie \u00fcber die Sch\u00e4den f\u00fcr die Gesundheit, Efe Ana [&hellip;]<\/p>\n","protected":false},"author":1,"featured_media":0,"comment_status":"close","ping_status":"open","sticky":false,"template":"","format":"standard","meta":{"footnotes":""},"categories":[3],"tags":[],"class_list":["post-13893","post","type-post","status-publish","format-standard","hentry","category-allgemeine","et-doesnt-have-format-content","et_post_format-et-post-format-standard"],"_links":{"self":[{"href":"https:\/\/www.best-dentist-dentistry.com\/de\/wp-json\/wp\/v2\/posts\/13893","targetHints":{"allow":["GET"]}}],"collection":[{"href":"https:\/\/www.best-dentist-dentistry.com\/de\/wp-json\/wp\/v2\/posts"}],"about":[{"href":"https:\/\/www.best-dentist-dentistry.com\/de\/wp-json\/wp\/v2\/types\/post"}],"author":[{"embeddable":true,"href":"https:\/\/www.best-dentist-dentistry.com\/de\/wp-json\/wp\/v2\/users\/1"}],"replies":[{"embeddable":true,"href":"https:\/\/www.best-dentist-dentistry.com\/de\/wp-json\/wp\/v2\/comments?post=13893"}],"version-history":[{"count":0,"href":"https:\/\/www.best-dentist-dentistry.com\/de\/wp-json\/wp\/v2\/posts\/13893\/revisions"}],"wp:attachment":[{"href":"https:\/\/www.best-dentist-dentistry.com\/de\/wp-json\/wp\/v2\/media?parent=13893"}],"wp:term":[{"taxonomy":"category","embeddable":true,"href":"https:\/\/www.best-dentist-dentistry.com\/de\/wp-json\/wp\/v2\/categories?post=13893"},{"taxonomy":"post_tag","embeddable":true,"href":"https:\/\/www.best-dentist-dentistry.com\/de\/wp-json\/wp\/v2\/tags?post=13893"}],"curies":[{"name":"wp","href":"https:\/\/api.w.org\/{rel}","templated":true}]}}