{"id":13995,"date":"2012-09-02T02:30:55","date_gmt":"2012-09-02T02:30:55","guid":{"rendered":null},"modified":"-0001-11-30T00:00:00","modified_gmt":"-0001-11-30T00:00:00","slug":"the-eu-will-propose-to-stimulate-a-green-economy-and-inclusive-in-rio-20","status":"publish","type":"post","link":"https:\/\/www.best-dentist-dentistry.com\/de\/the-eu-will-propose-to-stimulate-a-green-economy-and-inclusive-in-rio-20\/13995","title":{"rendered":"Die EU wird vorschlagen, eine gr\u00fcne Wirtschaft und integrative in Rio + 20 zu stimulieren"},"content":{"rendered":"<p class=\"first\"> <span class=\"yshortcuts\" id=\"lw_1334836465_6\"> Horsens<\/span> (D\u00e4nemark), 19 APR (EFE).-die Europ\u00e4ische Union (<span class=\"yshortcuts\" id=\"lw_1334836465_0\"> EU<\/span>) wird weltweit auf der n\u00e4chsten Konferenz der Vereinten Nationen f\u00fcr nachhaltige Entwicklung Rio + 20 zu einer umweltfreundlichen Wirtschaft \u00f6kologisch und sozial integrativen verschieben vorschlagen.<\/p>\n<p>&#8220;Erstellen einer gr\u00fcnen Wirtschaft und kostenfrei f\u00fcr den Bau einer <span class=\"yshortcuts\"id=\"lw_1334836465_2\"> nachhaltigen Entwicklung<\/span>, dies ist das Rezept der EU verteidigen wird, Rio + 20 zur Bew\u00e4ltigung der Herausforderungen durch die Armut und Klimawandel, sagte der d\u00e4nische Minister f\u00fcr <span class=\"yshortcuts\"id=\"lw_1334836465_4\"> Umwelt<\/span>, <span class=\"yshortcuts\"id=\"lw_1334836465_8\"> Ida Auken<\/span>, in einer Pressekonferenz heute.<\/p>\n<p>Auske, wer als Gastgeber in informellen Ministerrats Umgebung statt, gestern und heute in Horsens (D\u00e4nemark) gehandelt hat, betonte die Bedeutung der sozialen, wirtschaftlichen und \u00f6kologischen Reihenfolge zu erreichen-L\u00f6sungen, da diese &#8220;untrennbar&#8221; Aspekte gemeinsam sind.<\/p>\n<p>Europa geht an die Ernennung, die stattfinden wird von 20 bis 22 Juni in <span class=\"yshortcuts\" id=\"lw_1334836465_7\"> Rio De Janeiro<\/span> (Brasilien), bereit, sitzen am Tisch mit ihren Partnern internationale Fortschritte erzielen und h\u00f6ren Sie alle Vorschl\u00e4ge, in den Worten von Auken.<\/p>\n<p>Insbesondere der 27 EU-Mitgliedstaaten m\u00fcssen mit der Bloc lateinamerikanischer L\u00e4nder, angef\u00fchrt von Kolumbien zu verhandeln, haben auf den Tisch gelegt wurden eigene Initiativen, die den Akzent auf die soziale Inhalte und die Beseitigung der Armut setzen.<\/p>\n<p>&#8220;Das Konzept ist in der N\u00e4he, da die EU eine integrative gr\u00fcnen Wirtschaft spricht, sind wir nicht nur der Umwelt und Wirtschaft reden, wir wissen auch die sozialen Folgen und der Justiz, die diese Richtlinien haben&#8221; hinzugef\u00fcgt.<\/p>\n<p>Spanien wird versuchen, den erforderlichen Konsens auf beiden Seiten des Atlantiks mit seiner historischen, kulturellen und sprachlichen Bindungen mit lateinamerikanischen L\u00e4ndern zu erleichtern, wie in der spanischen Secretary Of State f\u00fcr Umwelt, Federico Ramos, in Aussagen zu Efe.<\/p>\n<p>&#8220;Spanien versteht, dass es lohnt zu arbeiten durch die Verbindung der gr\u00fcnen Wirtschaft mit nachhaltiger Entwicklungsziele,&#8221;, sagte der Staatssekret\u00e4r.<\/p>\n<p>F\u00fcr Ramos, der auch den Vorsitz des Programms der Vereinten Nationen f\u00fcr die Umwelt (UNEP) innehat, das Abkommen ist m\u00f6glich, wenn &#8220;alle f\u00fcr ihn zu arbeiten&#8221; und der Auffassung, dass die Nuancen der Inklusivit\u00e4t, die den europ\u00e4ischen Ansatz in seine Bewerbung f\u00fcr die gr\u00fcne Wirtschaft bildet eine Br\u00fccke in Richtung der Vereinbarung mit seiner lateinischen Partner sein kann.<\/p>\n<p>Br\u00fcssel hat eine Liste mit f\u00fcnf Priorit\u00e4ten f\u00fcr Rio + 20 Verhandlungen etabliert: die effiziente Nutzung der Ressourcen und Abfallwirtschaft, Wasser und Land und Biodiversit\u00e4t, Energie, Ozeane, die &#8220;S\u00e4ulen des Lebens&#8221;, in den Worten von EU-Kommissar f\u00fcr Umwelt, Janez Potocnik.<\/p>\n<p>Potocnik war realistisch eher als optimistisch, was das Treffen wegen des Gewichts des die Finanz- und Wirtschaftskrise, sondern betont die Bedeutung der Nachhaltigkeit, seit in der Umgebung von &#8220;wie der Finanzsektor,&#8221;, wenn Sie mehr als das, was Sie haben, dann k\u00f6nnen Sie schmerzhafte Pay zur\u00fcck sein.<\/p>\n<p>Der Gr\u00fcndung der Ziele oder Ziele f\u00fcr nachhaltige Entwicklung von der internationalen Gemeinschaft, eine Idee, welche Potocnik wurde zu bevorzugen, aber gibt es wenig Konsens \u00fcber die anderen Aspekte, die auf dem Tisch f\u00fcr Rio + 20 werden Jes<\/p>\n<p>Spanisch der Sekret\u00e4r des Staates darauf hingewiesen, dass Interesse an solchen Ma\u00dfnahmen ist, aber es gibt immer noch viele Widerst\u00e4nde und durch mehrere L\u00e4nder, die schwierigen Probleme machen, die eine Einigung zu, in dieser Hinsicht in Rio erreichen + 20.<\/p>\n<p>Betont In jedem Fall Ramos, die europ\u00e4ischen L\u00e4nder sind klar, dass die Konferenz &#8220;Sie zum hinterlassen einer Nachricht von Engagement f\u00fcr nachhaltige Entwicklung haben&#8221; und dass es f\u00fcr diese Arbeit wird.EFE<\/p>\n","protected":false},"excerpt":{"rendered":"<p>Horsens (D\u00e4nemark), 19 APR (EFE).-die Europ\u00e4ische Union ( EU) wird weltweit auf der n\u00e4chsten Konferenz der Vereinten Nationen f\u00fcr nachhaltige Entwicklung Rio + 20 zu einer umweltfreundlichen Wirtschaft \u00f6kologisch und sozial integrativen verschieben vorschlagen. &#8220;Erstellen einer gr\u00fcnen Wirtschaft und kostenfrei f\u00fcr den Bau einer nachhaltigen Entwicklung, dies ist das Rezept der EU verteidigen wird, Rio [&hellip;]<\/p>\n","protected":false},"author":1,"featured_media":0,"comment_status":"close","ping_status":"open","sticky":false,"template":"","format":"standard","meta":{"footnotes":""},"categories":[3],"tags":[25104],"class_list":["post-13995","post","type-post","status-publish","format-standard","hentry","category-allgemeine","tag-anfngliche","et-doesnt-have-format-content","et_post_format-et-post-format-standard"],"_links":{"self":[{"href":"https:\/\/www.best-dentist-dentistry.com\/de\/wp-json\/wp\/v2\/posts\/13995","targetHints":{"allow":["GET"]}}],"collection":[{"href":"https:\/\/www.best-dentist-dentistry.com\/de\/wp-json\/wp\/v2\/posts"}],"about":[{"href":"https:\/\/www.best-dentist-dentistry.com\/de\/wp-json\/wp\/v2\/types\/post"}],"author":[{"embeddable":true,"href":"https:\/\/www.best-dentist-dentistry.com\/de\/wp-json\/wp\/v2\/users\/1"}],"replies":[{"embeddable":true,"href":"https:\/\/www.best-dentist-dentistry.com\/de\/wp-json\/wp\/v2\/comments?post=13995"}],"version-history":[{"count":0,"href":"https:\/\/www.best-dentist-dentistry.com\/de\/wp-json\/wp\/v2\/posts\/13995\/revisions"}],"wp:attachment":[{"href":"https:\/\/www.best-dentist-dentistry.com\/de\/wp-json\/wp\/v2\/media?parent=13995"}],"wp:term":[{"taxonomy":"category","embeddable":true,"href":"https:\/\/www.best-dentist-dentistry.com\/de\/wp-json\/wp\/v2\/categories?post=13995"},{"taxonomy":"post_tag","embeddable":true,"href":"https:\/\/www.best-dentist-dentistry.com\/de\/wp-json\/wp\/v2\/tags?post=13995"}],"curies":[{"name":"wp","href":"https:\/\/api.w.org\/{rel}","templated":true}]}}