{"id":14023,"date":"2012-09-02T02:33:36","date_gmt":"2012-09-02T02:33:36","guid":{"rendered":null},"modified":"-0001-11-30T00:00:00","modified_gmt":"-0001-11-30T00:00:00","slug":"ugt-andalusia-insists-that-health-care-reform-is-the-rupture-with-the-current-system","status":"publish","type":"post","link":"https:\/\/www.best-dentist-dentistry.com\/de\/ugt-andalusia-insists-that-health-care-reform-is-the-rupture-with-the-current-system\/14023","title":{"rendered":"UGT Andalusien besteht darauf, dass die Reform des Gesundheitswesens der &#8220;Bruch&#8221; ist mit dem derzeitigen system"},"content":{"rendered":"<p class=\"first\"> HUELVA, 25 (EUROPA PRESS)<\/p>\n<p>Der Parteisekret\u00e4r der <span class=\"yshortcuts\" id=\"lw_1335372470_5\"> UGT<\/span> in Andalusien, <span class=\"yshortcuts\" id=\"lw_1335372470_0\"> Manuel Pastrana<\/span>, hat Mittwoch darauf hingewiesen, dass Gesundheitsreform getrieben von der zentralen <span class=\"yshortcuts\" id=\"lw_1335372470_1\"> Regierung<\/span> &#8220;einen klaren Bruch&#8221; mit dem Gesundheitswesen Modell in Spanien seit den 1980er Jahren gegr\u00fcndet \u00fcbernimmt und wird Versicherten B\u00fcrger, was wurde hinzugef\u00fcgt, dass &#8220;nur diejenigen, die die Regierung Personen haben Zugang zu medizinischer Versorgung versichert&#8221;.<\/p>\n<p>-Pressekonferenz in Huelva, <span class=\"yshortcuts\" id=\"lw_1335372470_2\"> Pastrana<\/span>, begleitet von den provinziellen Sekret\u00e4r, Jorge Puente, hat betont, dass das Ausma\u00df der Reform, bezieht sich auf die mehr als 26 Jahren gegr\u00fcndet. Speziell der UGT-F\u00fchrer sagte, dass diese Ma\u00dfnahme &#8220;ein neuer Schlag&#8221; ist, die ist \u00e4lter als 26 Jahre nicht versichert sind und die nicht notiert haben nie &#8220;k\u00f6nnen nur die Bereitstellung der Gesundheitsversorgung durch die Zahlung des entsprechenden Entgelts erhalten&#8221;.<\/p>\n<p>F\u00fcr Pastrana, die diese Ma\u00dfnahme ist &#8220;unfair&#8221; in einer Gruppe, in denen 50 Prozent sind, arbeitslos und mit wenigen M\u00f6glichkeiten des Zugangs zur Besch\u00e4ftigung, einem Kollektiv, als er hat darauf bestanden Pastrana, &#8220;zu denen wir verw\u00f6hnen sollten&#8221;.<\/p>\n<p>, Rentner, bem\u00e4ngelte, dass die Regierung Sie sie als &#8220;verantwortlich&#8221; streichen f\u00fcr die, die heraus Tonnen Drogen ein Jahr als Rentner Zugang zu Medikamenten in der Laune ausgel\u00f6st werden oder als w\u00e4re es nicht das <span class=\"yshortcuts\"id=\"lw_1335372470_7\"> Gesundheitssystem<\/span> selbst, durch die Fachleute, dass verschreibungspflichtige Medikamente Rentner.<\/p>\n<p>Hat auch der Einwanderer zu kritisieren <span class=\"yshortcuts\" id=\"lw_1335372470_6\"> Gesundheitsministerin<\/span>, Ana Mato, feed nach den <span class=\"yshortcuts\" id=\"lw_1335372470_3\"> letzten Ministerrat<\/span> &#8220;Fremdenfeindlichkeit in Anbetracht des Ausschluss von Einwanderern aus dem Gesundheitssystem&#8221; gesprochen. Als es weiter, Mato &#8220;legt die Einwanderer der \u00fcberm\u00e4\u00dfigen Ausgaben, die das Gesundheitssystem hat Schuld und verantwortlich f\u00fcr Ausl\u00e4nder zu Gesundheitszentren ohne Bezahlung gehen&#8221;.<\/p>\n<p>Auf der anderen Seite, hat gem\u00e4\u00df den Anstieg der Zinss\u00e4tze Universit\u00e4t, in denen diese Ma\u00dfnahme &#8220;wird, die Sch\u00fcler zu vertreiben, deren Familien nicht in der Lage sind, die Kosten f\u00fcr die Preise zu widerstehen&#8221;, f\u00fcgte hinzu, dass diese Situation &#8220;es mit dem Wert der Gleichheit bricht&#8221;.<\/p>\n<p>In diesem Zusammenhang Pastrana hat betont, dass &#8220;es eine deutliche Strategie gibt, neue Generationen auf eine Privatisierung des Systems zu bringen&#8221;, sowie die mit dieser Regierung &#8220;in ein paar Monaten hat Spanien zur\u00fcckzog, nach was in der Vergangenheit erreicht wurde 30 Jahre und was ist der Protest und Konflikt&#8221;.<\/p>\n<p>Rufen Sie die Mobilisierung<\/p>\n<p>Deshalb hat der F\u00fchrer der UGT zu Join-Demonstrationen, die stattfinden wird diesen Sonntag um &#8220;Verteidigung der Rechte der B\u00fcrger&#8221;, in Bezug auf die Politik der Zur\u00fcckhaltung erfolgt durch die Zentralregierung genannt.<\/p>\n<p>Manuel Pastrana hat betont, dass von UGT &#8220;sie nicht Spanien zulassen werden zu europ\u00e4ischen Rechten und das spanische Cortijo geworden und im Gange des kommerzialisierten Services-Modells&#8221; in Ordnung &#8220;oder zu tun Gesch\u00e4ft mit Bildung, das Ger\u00e4t verwenden&#8221;.    <\/p>\n","protected":false},"excerpt":{"rendered":"<p>HUELVA, 25 (EUROPA PRESS) Der Parteisekret\u00e4r der UGT in Andalusien, Manuel Pastrana, hat Mittwoch darauf hingewiesen, dass Gesundheitsreform getrieben von der zentralen Regierung &#8220;einen klaren Bruch&#8221; mit dem Gesundheitswesen Modell in Spanien seit den 1980er Jahren gegr\u00fcndet \u00fcbernimmt und wird Versicherten B\u00fcrger, was wurde hinzugef\u00fcgt, dass &#8220;nur diejenigen, die die Regierung Personen haben Zugang zu [&hellip;]<\/p>\n","protected":false},"author":1,"featured_media":0,"comment_status":"close","ping_status":"open","sticky":false,"template":"","format":"standard","meta":{"footnotes":""},"categories":[3],"tags":[25133],"class_list":["post-14023","post","type-post","status-publish","format-standard","hentry","category-allgemeine","tag-zurckgegangen","et-doesnt-have-format-content","et_post_format-et-post-format-standard"],"_links":{"self":[{"href":"https:\/\/www.best-dentist-dentistry.com\/de\/wp-json\/wp\/v2\/posts\/14023","targetHints":{"allow":["GET"]}}],"collection":[{"href":"https:\/\/www.best-dentist-dentistry.com\/de\/wp-json\/wp\/v2\/posts"}],"about":[{"href":"https:\/\/www.best-dentist-dentistry.com\/de\/wp-json\/wp\/v2\/types\/post"}],"author":[{"embeddable":true,"href":"https:\/\/www.best-dentist-dentistry.com\/de\/wp-json\/wp\/v2\/users\/1"}],"replies":[{"embeddable":true,"href":"https:\/\/www.best-dentist-dentistry.com\/de\/wp-json\/wp\/v2\/comments?post=14023"}],"version-history":[{"count":0,"href":"https:\/\/www.best-dentist-dentistry.com\/de\/wp-json\/wp\/v2\/posts\/14023\/revisions"}],"wp:attachment":[{"href":"https:\/\/www.best-dentist-dentistry.com\/de\/wp-json\/wp\/v2\/media?parent=14023"}],"wp:term":[{"taxonomy":"category","embeddable":true,"href":"https:\/\/www.best-dentist-dentistry.com\/de\/wp-json\/wp\/v2\/categories?post=14023"},{"taxonomy":"post_tag","embeddable":true,"href":"https:\/\/www.best-dentist-dentistry.com\/de\/wp-json\/wp\/v2\/tags?post=14023"}],"curies":[{"name":"wp","href":"https:\/\/api.w.org\/{rel}","templated":true}]}}