{"id":14037,"date":"2012-09-02T02:35:06","date_gmt":"2012-09-02T02:35:06","guid":{"rendered":null},"modified":"-0001-11-30T00:00:00","modified_gmt":"-0001-11-30T00:00:00","slug":"thousands-of-spaniards-reject-the-cuts-on-the-street","status":"publish","type":"post","link":"https:\/\/www.best-dentist-dentistry.com\/de\/thousands-of-spaniards-reject-the-cuts-on-the-street\/14037","title":{"rendered":"Tausende Spanier lehnen die Schnitte auf der Stra\u00dfe"},"content":{"rendered":"<p class=\"first\"> MADRID (Reuters) &#8211; Tausende Spanier am Sonntag gingen auf die Stra\u00dfe, protestieren gegen die K\u00fcrzungen angek\u00fcndigt auf S\u00e4ulen des Wohlfahrtsstaates wie Gesundheit und Bildung, die von der Regierung als notwendig um ein hohes \u00f6ffentliches Defizit drastisch zu reduzieren verteidigt haben.<\/p>\n<p>Mit Spruchb\u00e4ndern wie &#8220;Bildung, Gesundheit und Arbeit nicht spielen&#8221;, Jugendliche und Rentner wurden gemischt mit Familien, die im M\u00e4rz in der Hauptstadt eine intermittierende Regen trotzen und trotz decken sich mit einer langen Br\u00fccke von zwei Feiertage in Madrid n\u00e4chste Woche besuchte.<\/p>\n<p>&#8220;Wir sind zunehmend schlechter, Menschen beginnen sich zu bewegen, denn es alle Sektoren betrifft&#8221;. &#8220;F\u00fcr uns alle&#8221;, sagte Charo, eine Frau mittleren Alters, die die Demonstration mit ihren T\u00f6chtern besucht.<\/p>\n<p>Spanien geben Sie einfach in der zweiten Rezession seit drei Jahren und es ist das Epizentrum der Schuldenkrise der Eurozone geworden.<\/p>\n<p>The Executive hat vor kurzem zum Sparen von 10 Milliarden Euro im Bildungs- und Gesundheitswesen in ihren Bem\u00fchungen um eine drastische Senkung des \u00f6ffentlichen Defizits auf 8,5 Prozent des BIP in 2011 auf 3,0 Prozent im 2013 um die Ziele zu erreichen durch die Europ\u00e4ische Union verh\u00e4ngte vorgeschlagen.<\/p>\n<p>M\u00e4rsche am Sonntag, gepr\u00e4gt von einem regnerischen Klima in fast allen Spanien, schien weniger \u00fcberlaufen, dass diejenigen genau vor einem Monat, nachdem der erste General Streik gegen die Regierung von Mariano Rajoy hielt, nahm er auf die Stra\u00dfe um Hunderttausende von B\u00fcrgern gegen die j\u00fcngste Arbeit Reform.<\/p>\n<p>Am Sonntag, Rajoy verteidigte seine Reformagenda als wesentlich f\u00fcr das Land der tiefen wirtschaftlichen Krise zu bew\u00e4ltigen, und k\u00fcndigte an, dass es auch neue Ma\u00dfnahmen weiterhin um das Land auf den Weg des Wachstums zur\u00fcckkehren.<\/p>\n<p>&#8220;Menschen ist nicht zu bewegen, ich wei\u00df nicht, was zu geschehen, die Menschen bewegen, hat&#8221;, sagte Julian, ein Rentner, die die Demonstration in Madrid, wo wir Schreie gegen die Banken, Washington oder die deutsche Bundeskanzlerin Angela Merkel h\u00f6rten besuchte die.<\/p>\n<p>&#8220;Keine weitere Generalstreiks sind.&#8221; &#8220;Die Entt\u00e4uschung ist also brutal, dass die Menschen nicht zu bewegen,&#8221; f\u00fcgte.<\/p>\n<p>Mehr geplant Mobilisierungen<\/p>\n<p>Jose Luis Perez, 41 Jahre alt und Arbeiter, Comisiones Obreras, ihrerseits die niedrigste Anwesenheit der Demonstranten in der Hauptstadt auf der Br\u00fccke und dem Regenwetter zugeschrieben, und ja wurde zu Gunsten einer anderen Generalstreik.<\/p>\n<p>&#8220;Sie werden bald brauchen ein weiterer Generalstreik, vielleicht im September,&#8221; sagte der Nachrichtenagentur Reuters, warf die &#8220;Falten den Interessen des Marktes&#8221;.<\/p>\n<p>Die F\u00fchrer der wichtigsten spanischen Gewerkschaften nicht auf die M\u00f6glichkeit der Einberufung einer anderen Generalstreik angespielt, aber es versprach weitere Mobilisierungen gegen was sie als eine ernsthafte Demontage des Modells der Gesellschaft.<\/p>\n<p>&#8220;Diese K\u00fcrzungen f\u00fchrt zu der Einf\u00fchrung der Privatisierung der Grundversorgung und Opfer f\u00fcr Arbeiterfamilien und bedeutet&#8221;, sagte der F\u00fchrer der Union General der Arbeiter (UGT), Candido Mendez, am Ende des Marsches in Madrid.<\/p>\n<p>Wir &#8220;kann nicht unt\u00e4tig bleiben&#8221;, hinzugef\u00fcgt.<\/p>\n<p>F\u00fcr seinen Teil, der Generalsekret\u00e4r der Comisiones Obreras (CCOO), Ignacio Fern\u00e1ndez Toxo, die Verarmung der Spanier durch die Ma\u00dfnahmen verurteilte ergriffen von der Regierung und sprach von einer gro\u00dfen &#8220;Betrieb&#8221; \u00dcbertragung von Renten Renten Arbeit Kapital.<\/p>\n<p>&#8220;Spanien zu rebellieren (&#8230;)&#8221; Wir sind zweifellos nicht zu folgen. Wohin? &#8220;So weit wie wo kommen Sie mit uns Menschen&#8221;, sagte.<\/p>\n<p>Der Tag der Proteste wird gefeiert, zwei Tage vor der traditionellen 1 M\u00e4rsche, m\u00f6glicherweise, die die Ank\u00fcndigung der neuen Ma\u00dfnahmen der Kraft Szenario sein k\u00f6nnte.<\/p>\n<p>\/ Por Carlos Ruano \/<\/p>\n","protected":false},"excerpt":{"rendered":"<p>MADRID (Reuters) &#8211; Tausende Spanier am Sonntag gingen auf die Stra\u00dfe, protestieren gegen die K\u00fcrzungen angek\u00fcndigt auf S\u00e4ulen des Wohlfahrtsstaates wie Gesundheit und Bildung, die von der Regierung als notwendig um ein hohes \u00f6ffentliches Defizit drastisch zu reduzieren verteidigt haben. Mit Spruchb\u00e4ndern wie &#8220;Bildung, Gesundheit und Arbeit nicht spielen&#8221;, Jugendliche und Rentner wurden gemischt mit [&hellip;]<\/p>\n","protected":false},"author":1,"featured_media":0,"comment_status":"close","ping_status":"open","sticky":false,"template":"","format":"standard","meta":{"footnotes":""},"categories":[3],"tags":[],"class_list":["post-14037","post","type-post","status-publish","format-standard","hentry","category-allgemeine","et-doesnt-have-format-content","et_post_format-et-post-format-standard"],"_links":{"self":[{"href":"https:\/\/www.best-dentist-dentistry.com\/de\/wp-json\/wp\/v2\/posts\/14037","targetHints":{"allow":["GET"]}}],"collection":[{"href":"https:\/\/www.best-dentist-dentistry.com\/de\/wp-json\/wp\/v2\/posts"}],"about":[{"href":"https:\/\/www.best-dentist-dentistry.com\/de\/wp-json\/wp\/v2\/types\/post"}],"author":[{"embeddable":true,"href":"https:\/\/www.best-dentist-dentistry.com\/de\/wp-json\/wp\/v2\/users\/1"}],"replies":[{"embeddable":true,"href":"https:\/\/www.best-dentist-dentistry.com\/de\/wp-json\/wp\/v2\/comments?post=14037"}],"version-history":[{"count":0,"href":"https:\/\/www.best-dentist-dentistry.com\/de\/wp-json\/wp\/v2\/posts\/14037\/revisions"}],"wp:attachment":[{"href":"https:\/\/www.best-dentist-dentistry.com\/de\/wp-json\/wp\/v2\/media?parent=14037"}],"wp:term":[{"taxonomy":"category","embeddable":true,"href":"https:\/\/www.best-dentist-dentistry.com\/de\/wp-json\/wp\/v2\/categories?post=14037"},{"taxonomy":"post_tag","embeddable":true,"href":"https:\/\/www.best-dentist-dentistry.com\/de\/wp-json\/wp\/v2\/tags?post=14037"}],"curies":[{"name":"wp","href":"https:\/\/api.w.org\/{rel}","templated":true}]}}