{"id":14069,"date":"2012-09-02T02:55:29","date_gmt":"2012-09-02T02:55:29","guid":{"rendered":null},"modified":"-0001-11-30T00:00:00","modified_gmt":"-0001-11-30T00:00:00","slug":"murcia-health-residents-started-a-three-day-strike-by-the-reduction-of-guards","status":"publish","type":"post","link":"https:\/\/www.best-dentist-dentistry.com\/de\/murcia-health-residents-started-a-three-day-strike-by-the-reduction-of-guards\/14069","title":{"rendered":"murcia health residents started a three day strike by the reduction of guards"},"content":{"rendered":"<p class=\"first\"> MURCIA, 29 (EUROPA PRESS)<\/p>\n<p>Gesch\u00e4ftsf\u00fchrer der Dienst Murciano der Gesundheit (SMS), Jos\u00e9 Antonio Alarc\u00f3n, hat daf\u00fcr gesorgt, dass die Bewohner f\u00fcr Sonntag, Montag und Dienstag angek\u00fcndigten Streik &#8220;hat keinen Einfluss auf die medizinische Versorgung in der Region Murcia&#8221;.<\/p>\n<p>Alarcon erinnert daran, dass Sie das Personal in der Ausbildung in verschiedenen Bereichen, sowohl medizinische Versorgung und Pflege, und seine Lehr-Programm betrachtet der Realisierung der W\u00e4chter &#8220;ist die stellvertretende titular professionelle Wer ist Wer leitet Sie w\u00e4hrend Ihrer gesamten Ausbildung-Prozess, in dem&#8221;.<\/p>\n<p>Verantwortlich f\u00fcr die SMS ist der Auffassung, dass das Ausma\u00df der &#8220;Protest nicht gerechtfertigt ist&#8221; dann erkl\u00e4rte, dass sie es zu &#8220;angeblichen&#8221; Verringerung der Zahl der Wachen, angenommen, &#8220;Entscheidung, die heute heute nur eine von vielen ist, Servicio Murciano de Salud in Studie hat und Ma\u00dfnahmen dass wir gar nicht wissen, ob anzunehmen&#8221;.<\/p>\n<p>In diesem Sinne hat berichtet, dass im Prozess der Verbesserung und Optimierung der Gesundheit Ressourcen zur Sicherstellung der Nachhaltigkeit der Zukunft in das \u00f6ffentliche System und um die Zusammenarbeit aller in der Verfolgung dieses Ziels zu erreichen ist einen Brief, die verantwortlich f\u00fcr die Ausbildung in allen Bereichen der Gesundheit, um Informationen \u00fcber die Wachen, die Bewohner in der Ausbildung sind.<\/p>\n<p>Wurde ebenfalls verantwortlich f\u00fcr jeden Dienst und Spezialit\u00e4t, die sie auf die Bed\u00fcrfnisse der Bewohner von ihren verschiedenen Abteilungen melden.<\/p>\n<p>Hat noch keine Entscheidung getroffen wurden<\/p>\n<p>Jos\u00e9 Antonio Alarc\u00f3n bemerkte, dass &#8220;diese Informationen noch nicht abgeschlossen&#8221; und dass &#8220;Es gibt keine Entscheidung in dieser Hinsicht, da wir nicht wissen, die n\u00f6tigen Informationen zur dieser Ma\u00dfnahme richtig zu bewerten&#8221;.<\/p>\n<p>SMS-Manager hat unterstrichen, dass &#8220;bis September&#8221; Sie m\u00fcssen nicht alle Informationen, die zu den Bereichen Gesundheit gefordert wurde und, dass &#8220;nie werden, Ma\u00dfnahmen, die Gesundheitsversorgung, die Bildung unserer Bewohner und insbesondere der jedes individuelles Trainingsprogramm zu nehmen&#8221;.<\/p>\n<p>Hat auch darauf hingewiesen, dass in den verschiedenen Sitzungen mit Vertretern der Bewohner statt &#8220;Ich bot ihnen zusammen die erforderliche Informationen zu den Gesundheitszentren, analysieren, wenn es fertig ist&#8221;.<\/p>\n<p>Darauf hingewiesen, dass in der Region Murcia ist in das K\u00f6nigliche Dekret, das die Bildung von Bewohnern, regelt im Allgemeinen, und in denen die Wachen durchzuf\u00fchrenden angegeben sind festgelegten Ausbildungsanforderungen entsprechen.<\/p>\n","protected":false},"excerpt":{"rendered":"<p>MURCIA, 29 (EUROPA PRESS) Gesch\u00e4ftsf\u00fchrer der Dienst Murciano der Gesundheit (SMS), Jos\u00e9 Antonio Alarc\u00f3n, hat daf\u00fcr gesorgt, dass die Bewohner f\u00fcr Sonntag, Montag und Dienstag angek\u00fcndigten Streik &#8220;hat keinen Einfluss auf die medizinische Versorgung in der Region Murcia&#8221;. Alarcon erinnert daran, dass Sie das Personal in der Ausbildung in verschiedenen Bereichen, sowohl medizinische Versorgung und [&hellip;]<\/p>\n","protected":false},"author":1,"featured_media":0,"comment_status":"close","ping_status":"open","sticky":false,"template":"","format":"standard","meta":{"footnotes":""},"categories":[3],"tags":[],"class_list":["post-14069","post","type-post","status-publish","format-standard","hentry","category-allgemeine","et-doesnt-have-format-content","et_post_format-et-post-format-standard"],"_links":{"self":[{"href":"https:\/\/www.best-dentist-dentistry.com\/de\/wp-json\/wp\/v2\/posts\/14069","targetHints":{"allow":["GET"]}}],"collection":[{"href":"https:\/\/www.best-dentist-dentistry.com\/de\/wp-json\/wp\/v2\/posts"}],"about":[{"href":"https:\/\/www.best-dentist-dentistry.com\/de\/wp-json\/wp\/v2\/types\/post"}],"author":[{"embeddable":true,"href":"https:\/\/www.best-dentist-dentistry.com\/de\/wp-json\/wp\/v2\/users\/1"}],"replies":[{"embeddable":true,"href":"https:\/\/www.best-dentist-dentistry.com\/de\/wp-json\/wp\/v2\/comments?post=14069"}],"version-history":[{"count":0,"href":"https:\/\/www.best-dentist-dentistry.com\/de\/wp-json\/wp\/v2\/posts\/14069\/revisions"}],"wp:attachment":[{"href":"https:\/\/www.best-dentist-dentistry.com\/de\/wp-json\/wp\/v2\/media?parent=14069"}],"wp:term":[{"taxonomy":"category","embeddable":true,"href":"https:\/\/www.best-dentist-dentistry.com\/de\/wp-json\/wp\/v2\/categories?post=14069"},{"taxonomy":"post_tag","embeddable":true,"href":"https:\/\/www.best-dentist-dentistry.com\/de\/wp-json\/wp\/v2\/tags?post=14069"}],"curies":[{"name":"wp","href":"https:\/\/api.w.org\/{rel}","templated":true}]}}