{"id":14081,"date":"2012-09-02T02:56:19","date_gmt":"2012-09-02T02:56:19","guid":{"rendered":null},"modified":"-0001-11-30T00:00:00","modified_gmt":"-0001-11-30T00:00:00","slug":"the-pscyl-calls-the-health-ministers-appearance-at-the-deterioration-of-the-services","status":"publish","type":"post","link":"https:\/\/www.best-dentist-dentistry.com\/de\/the-pscyl-calls-the-health-ministers-appearance-at-the-deterioration-of-the-services\/14081","title":{"rendered":"Die PSCyL Ruft die Gesundheitsministerin Darstellung \u00fcber die &#8220;Verschlechterung&#8221; der Dienste"},"content":{"rendered":"<p class=\"first\"> Avila, 29 (EUROPA PRESS)<\/p>\n<p>Der Sozialistischen Fraktion hat &#8220;dringend&#8221; Aussehen des Inhabers des Ministeriums f\u00fcr Gesundheit, Antonio Mar\u00eda S\u00e1ez vor Gericht beantragt, so dass &#8220;Es bietet Erkl\u00e4rungen&#8221; Spr\u00fcnge &#8220;Verschlechterung,&#8221; regional ist im Gesundheitswesen autonomen.<\/p>\n<p>Sprecher der Fraktion Gesundheit, Mercedes Martin, sprach von der &#8220;Notwendigkeit&#8221;, dass der Berater zu den Gerichten im September einmal parlamentarischen T\u00e4tigkeit gehen hatte ver\u00e4ndert in den letzten Monaten aufgrund der Haushaltsdebatte, und darauf hingewiesen, dass eines der Themen von Saez erkl\u00e4ren auf den Wartelisten.<\/p>\n<p>Neben der &#8220;negativen Entwicklung and Rising&#8221; die Warteliste, Martin hat gewarnt, dass sie wollen wissen, was geschehen wird wann, ab 31. August Einwanderer nicht den Zugriff auf Gesundheitsleistungen aus dem Recht auf eine Krankenversicherung haben ausgeschlossen werden Card<\/p>\n<p>Entsprechend Martin, die Entscheidung der Regierung, B\u00fcrgerinnen und B\u00fcrger das Recht auf Gesundheit zu berauben ist die &#8220;sch\u00e4dlichsten e. Irraparable&#8221; Demokratie im Gesundheitssektor und kritisierte, dass das Board nicht, ihre Unzufriedenheit mit sich ge\u00e4u\u00dfert hat, wenn die Positionen<\/p>\n<p>Sprecher f\u00fcr die Gesundheit der Sozialistischen Partei von Kastilien und Le\u00f3n (PSCyL), hat daf\u00fcr gesorgt, dass gegen Kritik &#8220;zum empfangenen Erbe&#8221;, dass macht die PP, das Board &#8220;hat nicht nichts getan&#8221;, vor der Entscheidung der Regierung von den pharmazeutischen Selbstbeteiligung, der Ausschluss von 400 Medikamente der \u00f6ffentlichen Finanzierung oder Schnitte in dringenden Gesundheit Verkehr.<\/p>\n<p>Hat auch beschuldigt, die Regionalregierung versucht, vermitteln ein Bild der &#8220;Normalit\u00e4t&#8221; und &#8220;ausblenden die Realit\u00e4t&#8221;, die seiner Meinung nach ist diese Ma\u00dfnahmen, zusammen mit anderen Vorstand verl\u00e4ngerte von 130 bis 180 chirurgische maximale Verz\u00f6gerung und schlie\u00dfenden Punkte des Aufrufs in der Prim\u00e4rversorgung, weil in Salamanca &#8220;k\u00f6nnen nur \u00f6ffnen Sie eine von f\u00fcnf und in Valladolid&#8221;&#8221;, zwei der f\u00fcnf weitere&#8221;.<\/p>\n","protected":false},"excerpt":{"rendered":"<p>Avila, 29 (EUROPA PRESS) Der Sozialistischen Fraktion hat &#8220;dringend&#8221; Aussehen des Inhabers des Ministeriums f\u00fcr Gesundheit, Antonio Mar\u00eda S\u00e1ez vor Gericht beantragt, so dass &#8220;Es bietet Erkl\u00e4rungen&#8221; Spr\u00fcnge &#8220;Verschlechterung,&#8221; regional ist im Gesundheitswesen autonomen. Sprecher der Fraktion Gesundheit, Mercedes Martin, sprach von der &#8220;Notwendigkeit&#8221;, dass der Berater zu den Gerichten im September einmal parlamentarischen T\u00e4tigkeit [&hellip;]<\/p>\n","protected":false},"author":1,"featured_media":0,"comment_status":"close","ping_status":"open","sticky":false,"template":"","format":"standard","meta":{"footnotes":""},"categories":[3],"tags":[25187,25188],"class_list":["post-14081","post","type-post","status-publish","format-standard","hentry","category-allgemeine","tag-co-pay-auflistung","tag-pscyl","et-doesnt-have-format-content","et_post_format-et-post-format-standard"],"_links":{"self":[{"href":"https:\/\/www.best-dentist-dentistry.com\/de\/wp-json\/wp\/v2\/posts\/14081","targetHints":{"allow":["GET"]}}],"collection":[{"href":"https:\/\/www.best-dentist-dentistry.com\/de\/wp-json\/wp\/v2\/posts"}],"about":[{"href":"https:\/\/www.best-dentist-dentistry.com\/de\/wp-json\/wp\/v2\/types\/post"}],"author":[{"embeddable":true,"href":"https:\/\/www.best-dentist-dentistry.com\/de\/wp-json\/wp\/v2\/users\/1"}],"replies":[{"embeddable":true,"href":"https:\/\/www.best-dentist-dentistry.com\/de\/wp-json\/wp\/v2\/comments?post=14081"}],"version-history":[{"count":0,"href":"https:\/\/www.best-dentist-dentistry.com\/de\/wp-json\/wp\/v2\/posts\/14081\/revisions"}],"wp:attachment":[{"href":"https:\/\/www.best-dentist-dentistry.com\/de\/wp-json\/wp\/v2\/media?parent=14081"}],"wp:term":[{"taxonomy":"category","embeddable":true,"href":"https:\/\/www.best-dentist-dentistry.com\/de\/wp-json\/wp\/v2\/categories?post=14081"},{"taxonomy":"post_tag","embeddable":true,"href":"https:\/\/www.best-dentist-dentistry.com\/de\/wp-json\/wp\/v2\/tags?post=14081"}],"curies":[{"name":"wp","href":"https:\/\/api.w.org\/{rel}","templated":true}]}}