{"id":14143,"date":"2012-09-03T02:30:27","date_gmt":"2012-09-03T02:30:27","guid":{"rendered":null},"modified":"-0001-11-30T00:00:00","modified_gmt":"-0001-11-30T00:00:00","slug":"chavez-says-will-return-to-venezuela-on-26-april-after-radiotherapy","status":"publish","type":"post","link":"https:\/\/www.best-dentist-dentistry.com\/de\/chavez-says-will-return-to-venezuela-on-26-april-after-radiotherapy\/14143","title":{"rendered":"Chavez sagt kehrt nach Venezuela am 26. April nach Strahlentherapie"},"content":{"rendered":"<p class=\"first\"> CARACAS (Reuters) &#8211; venezolanischen Pr\u00e4sidenten Hugo Chavez sagte am Montag, die am 26. April aus Kuba, nach Caracas zur\u00fcck wo er erh\u00e4lt Behandlung von Krebs leiden.<\/p>\n<p>Chavez, 57, per Telefon Venezuela durch den Staat Kanal VTV, in einen Anruf w\u00e4hrend der Pr\u00e4sident der Nationalversammlung, Diosdado Cabello, wurde unter der Leitung von der \u00fcblichen Pressekonferenz w\u00f6chentlich der regierenden United Socialist Party (PSUV) Venezuela.<\/p>\n<p>Sozialdemokratische Vertreter erkl\u00e4rte, dass er am 28. April nach Kuba, um seine Strahlentherapie fortsetzen w\u00fcrde.<\/p>\n<p>&#8220;Ja ich kann sagen, ist, dass ich nicht die Primero de Mayo, Tag 26, 27 und 28 April in Venezuela sein wird&#8221;, sagte in der Antwort auf eine Frage eines Journalisten \u00fcber ob der Arbeitstag in Caracas w\u00e4re.<\/p>\n<p>(Mario Naranjo Bericht.) (Herausgegeben von Silene Ram\u00edrez)<\/p>\n","protected":false},"excerpt":{"rendered":"<p>CARACAS (Reuters) &#8211; venezolanischen Pr\u00e4sidenten Hugo Chavez sagte am Montag, die am 26. April aus Kuba, nach Caracas zur\u00fcck wo er erh\u00e4lt Behandlung von Krebs leiden. Chavez, 57, per Telefon Venezuela durch den Staat Kanal VTV, in einen Anruf w\u00e4hrend der Pr\u00e4sident der Nationalversammlung, Diosdado Cabello, wurde unter der Leitung von der \u00fcblichen Pressekonferenz w\u00f6chentlich [&hellip;]<\/p>\n","protected":false},"author":1,"featured_media":0,"comment_status":"close","ping_status":"open","sticky":false,"template":"","format":"standard","meta":{"footnotes":""},"categories":[3],"tags":[25258],"class_list":["post-14143","post","type-post","status-publish","format-standard","hentry","category-allgemeine","tag-impfkampagnen","et-doesnt-have-format-content","et_post_format-et-post-format-standard"],"_links":{"self":[{"href":"https:\/\/www.best-dentist-dentistry.com\/de\/wp-json\/wp\/v2\/posts\/14143","targetHints":{"allow":["GET"]}}],"collection":[{"href":"https:\/\/www.best-dentist-dentistry.com\/de\/wp-json\/wp\/v2\/posts"}],"about":[{"href":"https:\/\/www.best-dentist-dentistry.com\/de\/wp-json\/wp\/v2\/types\/post"}],"author":[{"embeddable":true,"href":"https:\/\/www.best-dentist-dentistry.com\/de\/wp-json\/wp\/v2\/users\/1"}],"replies":[{"embeddable":true,"href":"https:\/\/www.best-dentist-dentistry.com\/de\/wp-json\/wp\/v2\/comments?post=14143"}],"version-history":[{"count":0,"href":"https:\/\/www.best-dentist-dentistry.com\/de\/wp-json\/wp\/v2\/posts\/14143\/revisions"}],"wp:attachment":[{"href":"https:\/\/www.best-dentist-dentistry.com\/de\/wp-json\/wp\/v2\/media?parent=14143"}],"wp:term":[{"taxonomy":"category","embeddable":true,"href":"https:\/\/www.best-dentist-dentistry.com\/de\/wp-json\/wp\/v2\/categories?post=14143"},{"taxonomy":"post_tag","embeddable":true,"href":"https:\/\/www.best-dentist-dentistry.com\/de\/wp-json\/wp\/v2\/tags?post=14143"}],"curies":[{"name":"wp","href":"https:\/\/api.w.org\/{rel}","templated":true}]}}