{"id":14144,"date":"2012-09-03T02:30:29","date_gmt":"2012-09-03T02:30:29","guid":{"rendered":null},"modified":"-0001-11-30T00:00:00","modified_gmt":"-0001-11-30T00:00:00","slug":"chavez-communicates-with-venezuela-telephone-breaks-silence","status":"publish","type":"post","link":"https:\/\/www.best-dentist-dentistry.com\/de\/chavez-communicates-with-venezuela-telephone-breaks-silence\/14144","title":{"rendered":"Ch\u00e1vez kommuniziert mit Venezuela Telefon, bricht die Stille"},"content":{"rendered":"<p class=\"first\"> <span class=\"yshortcuts\" id=\"lw_1335211090_1\"> CARACAS<\/span> (Reuters) &#8211; <span class=\"yshortcuts\" id=\"lw_1335211090_4\"> Venezolanischen Pr\u00e4sidenten<\/span> <span class=\"yshortcuts\" id=\"lw_1335211090_0\"> Hugo Ch\u00e1vez<\/span>, aus telefonischem Kontakt mit dem staatlichen Fernsehen am Montag neun Tage des Schweigens zu brechen, da er nach Kuba reiste, um Krebs zu behandeln, die leidet, mit Ger\u00fcchten \u00fcber seine Gesundheit, die bes\u00e4nftigt.<\/p>\n<p>Chavez, 57, der Pr\u00e4sident der Nationalversammlung, Diosdado Cabello, kontaktiert, wenn es von der \u00fcblichen Pressekonferenz w\u00f6chentlich der regierenden geleitet wurde Vereinigte Sozialistische Partei Venezuelas.<\/p>\n<p>(Mario Naranjo-Bericht)<\/p>\n","protected":false},"excerpt":{"rendered":"<p>CARACAS (Reuters) &#8211; Venezolanischen Pr\u00e4sidenten Hugo Ch\u00e1vez, aus telefonischem Kontakt mit dem staatlichen Fernsehen am Montag neun Tage des Schweigens zu brechen, da er nach Kuba reiste, um Krebs zu behandeln, die leidet, mit Ger\u00fcchten \u00fcber seine Gesundheit, die bes\u00e4nftigt. Chavez, 57, der Pr\u00e4sident der Nationalversammlung, Diosdado Cabello, kontaktiert, wenn es von der \u00fcblichen Pressekonferenz [&hellip;]<\/p>\n","protected":false},"author":1,"featured_media":0,"comment_status":"close","ping_status":"open","sticky":false,"template":"","format":"standard","meta":{"footnotes":""},"categories":[3],"tags":[25258],"class_list":["post-14144","post","type-post","status-publish","format-standard","hentry","category-allgemeine","tag-impfkampagnen","et-doesnt-have-format-content","et_post_format-et-post-format-standard"],"_links":{"self":[{"href":"https:\/\/www.best-dentist-dentistry.com\/de\/wp-json\/wp\/v2\/posts\/14144","targetHints":{"allow":["GET"]}}],"collection":[{"href":"https:\/\/www.best-dentist-dentistry.com\/de\/wp-json\/wp\/v2\/posts"}],"about":[{"href":"https:\/\/www.best-dentist-dentistry.com\/de\/wp-json\/wp\/v2\/types\/post"}],"author":[{"embeddable":true,"href":"https:\/\/www.best-dentist-dentistry.com\/de\/wp-json\/wp\/v2\/users\/1"}],"replies":[{"embeddable":true,"href":"https:\/\/www.best-dentist-dentistry.com\/de\/wp-json\/wp\/v2\/comments?post=14144"}],"version-history":[{"count":0,"href":"https:\/\/www.best-dentist-dentistry.com\/de\/wp-json\/wp\/v2\/posts\/14144\/revisions"}],"wp:attachment":[{"href":"https:\/\/www.best-dentist-dentistry.com\/de\/wp-json\/wp\/v2\/media?parent=14144"}],"wp:term":[{"taxonomy":"category","embeddable":true,"href":"https:\/\/www.best-dentist-dentistry.com\/de\/wp-json\/wp\/v2\/categories?post=14144"},{"taxonomy":"post_tag","embeddable":true,"href":"https:\/\/www.best-dentist-dentistry.com\/de\/wp-json\/wp\/v2\/tags?post=14144"}],"curies":[{"name":"wp","href":"https:\/\/api.w.org\/{rel}","templated":true}]}}