{"id":14145,"date":"2012-09-03T02:30:34","date_gmt":"2012-09-03T02:30:34","guid":{"rendered":null},"modified":"-0001-11-30T00:00:00","modified_gmt":"-0001-11-30T00:00:00","slug":"evo-morales-is-at-rest-for-two-days-by-an-infection","status":"publish","type":"post","link":"https:\/\/www.best-dentist-dentistry.com\/de\/evo-morales-is-at-rest-for-two-days-by-an-infection\/14145","title":{"rendered":"Evo Morales ist in Ruhe f\u00fcr zwei Tage durch eine Infektion"},"content":{"rendered":"<p class=\"first\"> <span class=\"yshortcuts\" id=\"lw_1335312860_5\"> La Paz<\/span>, 24 APR (EFE).-<span class=\"yshortcuts\" id=\"lw_1335312860_1\"> Pr\u00e4sident der Bolivien<\/span>, <span class=\"yshortcuts\" id=\"lw_1335312860_0\"> Evo Morales<\/span>, Leiden eine Infektion, die ihn daran gehindert, Adressierung ihrer \u00f6ffentlichen Agenda in <span class=\"yshortcuts\" id=\"lw_1335312860_8\"> den letzten zwei Tagen<\/span>, sagte heute sein Vizepr\u00e4sident, Alvaro Garc\u00eda Linera.<\/p>\n<p>Im Rahmen einer Zeremonie in der n\u00f6rdlichen Region von Pando, an der Grenze zu Brasilien, sagte Linera, Morales, 52 Jahre alt, &#8220;Es hat eine starke Infektion gegeben&#8221;, aber nicht angeben, welche Art.<\/p>\n<p>&#8220;\u00c4rzte zwang ihn, in La Paz bleiben.&#8221; Gestern hat nicht reiste, heute wurde nicht in der Lage zu reisen. &#8220;Wir hoffen, dass morgen unser Pr\u00e4sident bereits wiederhergestellt werden kann, ist nicht etwas Ernstes,&#8221; f\u00fcgte er hinzu.<\/p>\n<p>Stunden sp\u00e4ter Minister f\u00fcr Kommunikation, Amanda Davila, erkl\u00e4rte den Medien, dass Morales &#8220;Gesundheit&#8221; und wies darauf hin, dass er nur eine Infektion der Atemwege oder Grippe zwischen Sonntag und Montag, erlitten aber die jetzt erholt hat, funktioniert normal in den Regierungspalast.<\/p>\n<p>&#8220;Bereits in den n\u00e4chsten Tagen der Pr\u00e4sident komplett Ersatzteil Grippe wird,&#8221; sagte Davila und stellte fest, dass seine Kollegen Morales nicht zu Reisen in diesen Tagen damit Temperatur\u00e4nderungen, die ihn nicht gebeten haben.<\/p>\n<p>Morales wurde im M\u00e4rz der Dringlichkeit in einer Privatklinik in der zentralen Stadt Cochabamba interniert und seinem Zeitplan, nach dem ersten offiziellen Fassungen f\u00fcr routinem\u00e4\u00dfige Vorsorgeuntersuchungen ausgesetzt, aber dann Quellen die Regierung sprach von &#8220;M\u00fcdigkeit&#8221; ohne vorherige Ank\u00fcndigung.<\/p>\n<p>&#8220;Wie die Sonne, (Pr\u00e4sident) wird auf der einen Seite und das der K\u00f6rper h\u00e4lt nicht.&#8221; &#8220;Es gibt sechs Jahre und der Pr\u00e4sident der Tempo seit 22. Januar 2006 bis jetzt, und jede Maschine seine Probleme hat,&#8221; sagte dann Linera.<\/p>\n<p>Morales wurde zwei Tage sp\u00e4ter auf Empfehlung der \u00c4rzte &#8220;Pflege f\u00fcr deine Kraft&#8221; in Auftrag gegeben und bereinigen ihre Mahlzeit Zeitpl\u00e4ne, hinzugef\u00fcgt am diesem Anlass Beamten.<\/p>\n<p>Bekannt f\u00fcr wenig Schlaf und Milit\u00e4r oder Botschafter Einberufung vor der Morgend\u00e4mmerung, Morales empfohlen im Januar seinen Ministern, die sie schlafen gut, weil es ist wichtiger zu essen, um zu schlafen, da &#8220;Wenn Sie nicht schlafen, man leicht verr\u00fcckt werden kann&#8221;,.<\/p>\n<p>Bolivianischen Pr\u00e4sidenten operiert im November 2010 von einer Sehnenentz\u00fcndung im linken Knie in der gleichen Klinik Cochabamba wurde ins Krankenhaus eingeliefert March. Letzter<\/p>\n","protected":false},"excerpt":{"rendered":"<p>La Paz, 24 APR (EFE).- Pr\u00e4sident der Bolivien, Evo Morales, Leiden eine Infektion, die ihn daran gehindert, Adressierung ihrer \u00f6ffentlichen Agenda in den letzten zwei Tagen, sagte heute sein Vizepr\u00e4sident, Alvaro Garc\u00eda Linera. Im Rahmen einer Zeremonie in der n\u00f6rdlichen Region von Pando, an der Grenze zu Brasilien, sagte Linera, Morales, 52 Jahre alt, &#8220;Es [&hellip;]<\/p>\n","protected":false},"author":1,"featured_media":0,"comment_status":"close","ping_status":"open","sticky":false,"template":"","format":"standard","meta":{"footnotes":""},"categories":[3],"tags":[25258],"class_list":["post-14145","post","type-post","status-publish","format-standard","hentry","category-allgemeine","tag-impfkampagnen","et-doesnt-have-format-content","et_post_format-et-post-format-standard"],"_links":{"self":[{"href":"https:\/\/www.best-dentist-dentistry.com\/de\/wp-json\/wp\/v2\/posts\/14145","targetHints":{"allow":["GET"]}}],"collection":[{"href":"https:\/\/www.best-dentist-dentistry.com\/de\/wp-json\/wp\/v2\/posts"}],"about":[{"href":"https:\/\/www.best-dentist-dentistry.com\/de\/wp-json\/wp\/v2\/types\/post"}],"author":[{"embeddable":true,"href":"https:\/\/www.best-dentist-dentistry.com\/de\/wp-json\/wp\/v2\/users\/1"}],"replies":[{"embeddable":true,"href":"https:\/\/www.best-dentist-dentistry.com\/de\/wp-json\/wp\/v2\/comments?post=14145"}],"version-history":[{"count":0,"href":"https:\/\/www.best-dentist-dentistry.com\/de\/wp-json\/wp\/v2\/posts\/14145\/revisions"}],"wp:attachment":[{"href":"https:\/\/www.best-dentist-dentistry.com\/de\/wp-json\/wp\/v2\/media?parent=14145"}],"wp:term":[{"taxonomy":"category","embeddable":true,"href":"https:\/\/www.best-dentist-dentistry.com\/de\/wp-json\/wp\/v2\/categories?post=14145"},{"taxonomy":"post_tag","embeddable":true,"href":"https:\/\/www.best-dentist-dentistry.com\/de\/wp-json\/wp\/v2\/tags?post=14145"}],"curies":[{"name":"wp","href":"https:\/\/api.w.org\/{rel}","templated":true}]}}