{"id":14202,"date":"2012-09-03T02:37:15","date_gmt":"2012-09-03T02:37:15","guid":{"rendered":null},"modified":"-0001-11-30T00:00:00","modified_gmt":"-0001-11-30T00:00:00","slug":"the-eu-countries-have-doubts-about-the-fund-against-global-warming","status":"publish","type":"post","link":"https:\/\/www.best-dentist-dentistry.com\/de\/the-eu-countries-have-doubts-about-the-fund-against-global-warming\/14202","title":{"rendered":"Die EU L\u00e4nder haben Zweifel an der Fonds gegen die globale Erw\u00e4rmung"},"content":{"rendered":"<p class=\"first\"> Br\u00fcssel (Reuters)-die Nationen der Europ\u00e4ischen Union Fragen sich, wie Sie den Multi-Millionen-Dollar-Fonds zur Bek\u00e4mpfung des Klimawandels, zu decken, so wie die Kommission mit den L\u00e4ndern, die Gespr\u00e4che zu tragen das Gewicht von den extremen Wetterbedingungen haben.<\/p>\n<p>Der Europ\u00e4ischen Union ratifiziert sein Engagement f\u00fcr 7,20 Milliarden Euro f\u00fcr den Fonds im Zeitraum 2010-2012, nach dem Entwurf von Schlussfolgerungen gesehen von Reuters vor einem Treffen der Finanzminister der Europ\u00e4ischen Union an, n\u00e4chste Woche stattfinden bieten.<\/p>\n<p>, Aber danach ist die Menge des Geldes, die flie\u00dfen, wird so unsicher als Text &#8211; vor dem Hintergrund der akuten wirtschaftlichen Krise die Eurozone &#8211; leidet, da die Staaten nur die Notwendigkeit &#8220;, erweitern die Finanzierung f\u00fcr das Klima von 2013 bis 2020&#8221; ausgedr\u00fcckt haben, aber ohne Angabe wie.<\/p>\n<p>The Green Fund f\u00fcr Klima soll bis zu 100 Milliarden Dollar (68,180 Millionen Euro) Kanal im Jahr 2020 unterst\u00fctzen Entwicklungsl\u00e4nder, um die negativen Auswirkungen des Klimawandels zu bek\u00e4mpfen.<\/p>\n<p>Design einigte sich auf dem internationalen Gipfel des Klimas, der letztes Jahr in der Stadt von Durban stattfand.<\/p>\n<p>Der EU-Kommissar f\u00fcr Klima Connie Hedegaard, k\u00e4mpft f\u00fcr die fragile Vereinbarung, mit dem Ziel des Haltens lebendig des Prozess der Vereinten Nationen Klima \u00e4ndern.<\/p>\n<p>W\u00e4hrend der Montag und Dienstag, gibt es mehrere informelle Gespr\u00e4che in Br\u00fcssel mit den Mitgliedern der was einige haben namens &#8220;Koalition Ehrgeiz&#8221;, Antizipation, so dass die Gespr\u00e4che, da\u00df es die UN in Bonn diesen Monat halten wird.<\/p>\n<p>Der Koalition ist die Union der Staaten der Europ\u00e4ischen Union, das B\u00fcndnis der kleinen Insel Staaten und den am wenigsten entwickelten L\u00e4ndern, die eine f\u00fchrende Rolle beim Schmieden einer Einigung \u00fcber das Kyoto-Protokoll gegen die globale Erw\u00e4rmung Gespr\u00e4che in Durban am Leben zu halten.<\/p>\n<p>&#8220;Ich habe eingeladen nach Br\u00fcssel heute und morgen eine Gruppe von 30 ehrgeizige L\u00e4nder, vertreten durch ihren Ministern zu diskutieren, wie wir diese Dynamik aufrechtzuerhalten und weiter Ziele gemeinsam vorw\u00e4rts&#8221; Hedegaard sagte in einem Release.<\/p>\n<p>&#8220;Ter\u00e7o&#8221;<\/p>\n<p>Der NGO Oxfam ausgedr\u00fcckt die &#8220;Unnachgiebigkeit&#8221; einige Mitglieder der Europ\u00e4ischen Union, die die Koalition gef\u00e4hrdet sind, da sie die Verpflichtungen zur Finanzierung von Verpflichtungen nach 2012 Befragung wurden.<\/p>\n<p>&#8220;In einem kritischen Moment im Kampf gegen den Klimawandel, Europa scheint sitzen anstatt beschleunigenden,&#8221; sagte Klima-Experte f\u00fcr Oxfam, liegt Craeynest.<\/p>\n<p>Die Debatte konzentriert sich auch auf wie gro\u00df etwas von dem Geld, das der Europ\u00e4ischen Union, in bestimmten 20,450 Millionen Euro von insgesamt 76 Milliarden bringt aus der Privatwirtschaft, kommen sollte, die den Bedarf an \u00f6ffentlichen Mitteln verringern w\u00fcrde.<\/p>\n<p>Entwurf von Schlussfolgerungen des Ministertreffens der EU darauf hingewiesen, dass &#8220;erfordert weitere Bem\u00fchungen, das Konzept der privaten Finanzierung und ihren Beitrag zu der Summe von $ 100 Milliarden zu kl\u00e4ren&#8221;.<\/p>\n<p>Teil des Geldes konnte durch die Preise der Schifffahrt und Luftfahrt, erreichen, obwohl diese Quellen im Moment fraglich sind.<\/p>\n<p>Seit Januar haben alle Fluggesellschaften EU anfliegen, Kohlenstoff durch das System des Handels von Emissionen (ETS), auszugleichen, die den Protest einiger L\u00e4nder nicht Mitglieder der EU.<\/p>\n<p>Das Niveau der Proteste in der Agentur der Vereinten Nationen, der internationalen Organisation der Civil Aviation (ICAO), einen Gesamtplan zur Bek\u00e4mpfung der Emissionen aus dem Luftverkehr entwickeln intensiviert.<\/p>\n<p>Wenn es die \u00c4nderung des Gemeinschaftssystems rechtfertigen w\u00fcrden, erkl\u00e4rte die Kommission.<\/p>\n<p>Die Europ\u00e4ische Kommission sagte, dass die EU gezwungen worden war, solch eine L\u00f6sung f\u00fcr die Tras\u00b4una Jahrzehnt ergebnislos Gespr\u00e4che Fluggesellschaften ICAO aufzuzwingen.<\/p>\n<p>Die Kommission arbeitet auch mit der International Maritime Organisation (IOM) eine L\u00f6sung f\u00fcr den Seeverkehr-Emissionen finden.<\/p>\n<p>In den Bericht mit den Schlussfolgerungen wurden aufgefordert, &#8220;Die EU und ihre Mitgliedstaaten, ein st\u00e4rkeres Engagement in den Verhandlungen mit der ICAO und IMO-Systeme der Festsetzung der Preise f\u00fcr Kohle zu erreichen&#8221;.<\/p>\n","protected":false},"excerpt":{"rendered":"<p>Br\u00fcssel (Reuters)-die Nationen der Europ\u00e4ischen Union Fragen sich, wie Sie den Multi-Millionen-Dollar-Fonds zur Bek\u00e4mpfung des Klimawandels, zu decken, so wie die Kommission mit den L\u00e4ndern, die Gespr\u00e4che zu tragen das Gewicht von den extremen Wetterbedingungen haben. Der Europ\u00e4ischen Union ratifiziert sein Engagement f\u00fcr 7,20 Milliarden Euro f\u00fcr den Fonds im Zeitraum 2010-2012, nach dem Entwurf [&hellip;]<\/p>\n","protected":false},"author":1,"featured_media":0,"comment_status":"close","ping_status":"open","sticky":false,"template":"","format":"standard","meta":{"footnotes":""},"categories":[3],"tags":[],"class_list":["post-14202","post","type-post","status-publish","format-standard","hentry","category-allgemeine","et-doesnt-have-format-content","et_post_format-et-post-format-standard"],"_links":{"self":[{"href":"https:\/\/www.best-dentist-dentistry.com\/de\/wp-json\/wp\/v2\/posts\/14202","targetHints":{"allow":["GET"]}}],"collection":[{"href":"https:\/\/www.best-dentist-dentistry.com\/de\/wp-json\/wp\/v2\/posts"}],"about":[{"href":"https:\/\/www.best-dentist-dentistry.com\/de\/wp-json\/wp\/v2\/types\/post"}],"author":[{"embeddable":true,"href":"https:\/\/www.best-dentist-dentistry.com\/de\/wp-json\/wp\/v2\/users\/1"}],"replies":[{"embeddable":true,"href":"https:\/\/www.best-dentist-dentistry.com\/de\/wp-json\/wp\/v2\/comments?post=14202"}],"version-history":[{"count":0,"href":"https:\/\/www.best-dentist-dentistry.com\/de\/wp-json\/wp\/v2\/posts\/14202\/revisions"}],"wp:attachment":[{"href":"https:\/\/www.best-dentist-dentistry.com\/de\/wp-json\/wp\/v2\/media?parent=14202"}],"wp:term":[{"taxonomy":"category","embeddable":true,"href":"https:\/\/www.best-dentist-dentistry.com\/de\/wp-json\/wp\/v2\/categories?post=14202"},{"taxonomy":"post_tag","embeddable":true,"href":"https:\/\/www.best-dentist-dentistry.com\/de\/wp-json\/wp\/v2\/tags?post=14202"}],"curies":[{"name":"wp","href":"https:\/\/api.w.org\/{rel}","templated":true}]}}