{"id":14243,"date":"2012-09-03T02:58:02","date_gmt":"2012-09-03T02:58:02","guid":{"rendered":null},"modified":"-0001-11-30T00:00:00","modified_gmt":"-0001-11-30T00:00:00","slug":"chavela-vargas-is-hospitalized-at-mexico-by-a-relapse","status":"publish","type":"post","link":"https:\/\/www.best-dentist-dentistry.com\/de\/chavela-vargas-is-hospitalized-at-mexico-by-a-relapse\/14243","title":{"rendered":"chavela vargas is hospitalized at mexico by a relapse"},"content":{"rendered":"<p class=\"first\"> Mexiko, 31 Juli (EFE).-die S\u00e4ngerin Chavela Vargas wurde in einer Privatklinik in der mexikanischen Stadt Cuernavaca f\u00fcr einen R\u00fcckfall aufgenommen, nach seiner R\u00fcckkehr aus Spanien, wo in diesem Monat wegen Tachykardie eingegeben wurde, lokale Medien berichteten heute.<\/p>\n<p>Der mexikanischen K\u00fcnstler Costa-ricanischer Herkunft von 93 Jahren, die gestern zugelassen wurde, ist eine Bronchopneumonie in der Intensivstation des Bereichs Krankenhaus behandelt und sein Gesundheitszustand ist ernst, nach der online-Ausgabe der Zeitschrift Millennium.<\/p>\n<p>Die Krankenhaus-Quellen zitiert die Zeitung-Show, die der K\u00fcnstler war Montag f\u00fcr &#8220;M\u00fcdigkeit infolge ihres Alters&#8221; ins Krankenhaus eingeliefert und wird begleitet von zwei Familie.<\/p>\n<p>Chavela zur\u00fcckgegeben letzte Woche zu seinem Haus in Tepoztl\u00e1n, in der zentralen Bundesstaat Morelos, nach einer Reise nach Spanien, wo er f\u00fcr eine Woche ins Krankenhaus eingeliefert blieb.<\/p>\n<p>Vargas reiste nach Madrid am 1. Juli, 5 und 10 Pressekonferenz gab eine Erw\u00e4gung einer Stunde mit Martyrium und Miguel Poveda, aufs das \u00dcbergeben von Bill innerhalb von zwei Tagen und f\u00fchrte sie ins Krankenhaus.<\/p>\n<p>Trat bis 21. Juli und seit diesem Tag er in der Madrid-Wohnheim ruhte &#8220;beobachtet&#8221; eng von seiner Krankenschwestern, wer mit ihr aus Mexiko, seine Freunde und Mitarbeiter der Einrichtung reiste, wo seine Geliebte Federico Garc\u00eda Lorca bis zu seiner R\u00fcckkehr nach Mexiko 26. lebte.<\/p>\n<p>Reiste der S\u00e4nger nach Spanien bieten ein Rezital mit Songs aus dem Album die er Garcia Lorca, &#8220;Big Moon&#8221; gewidmet und senden ihre Berichte, &#8220;zwei Leben m\u00fcssen.&#8221; &#8220;Die Wahrheiten des Chavela&#8221;.<\/p>\n","protected":false},"excerpt":{"rendered":"<p>Mexiko, 31 Juli (EFE).-die S\u00e4ngerin Chavela Vargas wurde in einer Privatklinik in der mexikanischen Stadt Cuernavaca f\u00fcr einen R\u00fcckfall aufgenommen, nach seiner R\u00fcckkehr aus Spanien, wo in diesem Monat wegen Tachykardie eingegeben wurde, lokale Medien berichteten heute. Der mexikanischen K\u00fcnstler Costa-ricanischer Herkunft von 93 Jahren, die gestern zugelassen wurde, ist eine Bronchopneumonie in der Intensivstation [&hellip;]<\/p>\n","protected":false},"author":1,"featured_media":0,"comment_status":"close","ping_status":"open","sticky":false,"template":"","format":"standard","meta":{"footnotes":""},"categories":[3],"tags":[],"class_list":["post-14243","post","type-post","status-publish","format-standard","hentry","category-allgemeine","et-doesnt-have-format-content","et_post_format-et-post-format-standard"],"_links":{"self":[{"href":"https:\/\/www.best-dentist-dentistry.com\/de\/wp-json\/wp\/v2\/posts\/14243","targetHints":{"allow":["GET"]}}],"collection":[{"href":"https:\/\/www.best-dentist-dentistry.com\/de\/wp-json\/wp\/v2\/posts"}],"about":[{"href":"https:\/\/www.best-dentist-dentistry.com\/de\/wp-json\/wp\/v2\/types\/post"}],"author":[{"embeddable":true,"href":"https:\/\/www.best-dentist-dentistry.com\/de\/wp-json\/wp\/v2\/users\/1"}],"replies":[{"embeddable":true,"href":"https:\/\/www.best-dentist-dentistry.com\/de\/wp-json\/wp\/v2\/comments?post=14243"}],"version-history":[{"count":0,"href":"https:\/\/www.best-dentist-dentistry.com\/de\/wp-json\/wp\/v2\/posts\/14243\/revisions"}],"wp:attachment":[{"href":"https:\/\/www.best-dentist-dentistry.com\/de\/wp-json\/wp\/v2\/media?parent=14243"}],"wp:term":[{"taxonomy":"category","embeddable":true,"href":"https:\/\/www.best-dentist-dentistry.com\/de\/wp-json\/wp\/v2\/categories?post=14243"},{"taxonomy":"post_tag","embeddable":true,"href":"https:\/\/www.best-dentist-dentistry.com\/de\/wp-json\/wp\/v2\/tags?post=14243"}],"curies":[{"name":"wp","href":"https:\/\/api.w.org\/{rel}","templated":true}]}}