{"id":14275,"date":"2012-09-03T03:04:29","date_gmt":"2012-09-03T03:04:29","guid":{"rendered":null},"modified":"-0001-11-30T00:00:00","modified_gmt":"-0001-11-30T00:00:00","slug":"the-city-of-madrid-says-he-offered-a-floor-to-the-grandparents-of-the-girl-with-cancer-evicted","status":"publish","type":"post","link":"https:\/\/www.best-dentist-dentistry.com\/de\/the-city-of-madrid-says-he-offered-a-floor-to-the-grandparents-of-the-girl-with-cancer-evicted\/14275","title":{"rendered":"Die Stadt Madrid sagt, dass er eine Etage, den Gro\u00dfeltern des M\u00e4dchens mit Krebs vertrieben angeboten"},"content":{"rendered":"<p class=\"first\"> Madrid, 23 Aug (EFE).-das Ayuntamiento de Madrid ein Wort Reaccommodation Gro\u00dfeltern von Shakira g.n., ein 6 Jahre altes M\u00e4dchen, das zusammen mit seiner Familie in einem Haus in der Stadt von Puerta de Hierro, vertrieben aber trat sie akzeptieren die.<\/p>\n<p>The Madrid Stadtrat hat \u00d6ffentlichkeit diese Informationen einmal Amnesty International heute mitteilen, dass es ge\u00f6ffnet hat, ein &#8220;Cyberaktion&#8221; um den Fall dieses M\u00e4dchen, anprangern, wurde einen Gehirntumor diagnostiziert, der schl\u00e4ft in einem van in der Stadt nach der Sprengung, zun\u00e4chst von dem Haus, wo er mit seinen Eltern lebte und sp\u00e4ter, das lebte mit seinen Gro\u00dfeltern, gemacht.<\/p>\n<p>Als angegebene EfE wurden kommunalen Quellen, Eltern und zwei Br\u00fcder des M\u00e4dchens effektiv aus ihrer &#8220;illegal&#8221; Geh\u00e4use am 19. Januar 2011 entfernt, und Samur Social gab ihnen Unterkunft in einem Hotel der Stadt Notfall.<\/p>\n<p>Jedoch Quellen hinzugef\u00fcgt, &#8220;blieb bei den Zimmerschl\u00fcssel und nicht gleich verwenden&#8221; und &#8220;anscheinend blieb in das Geh\u00e4use, auch illegal, aus der Familie der&#8221;.<\/p>\n<p>&#8220;Wohneinheit&#8221; bestehend aus Eltern und Geschwistern von Shakira entsprach nicht die erforderlichen Bedingungen verlegt werden und die technischen Dienste der Gegend des Urbanismus fuhr fort, den Abriss des Geb\u00e4udes in dem sie wohnte.<\/p>\n<p>Die zweite Heimat der Gro\u00dfeltern des M\u00e4dchens, wurden vertrieben mit dem Rest der Familie am 17. Juli letzte.<\/p>\n<p>&#8220;Bot In diesem Fall auch die Notunterkunft Samur Social, die abgelehnt.&#8221; &#8220;ihnen wurde gesagt, wenn sie ihre Meinung ge\u00e4ndert durch 112 in Kontakt mit den sozialen Samur gestellt werden und nicht diese M\u00f6glichkeit nutzten&#8221;.<\/p>\n<p>Im Gegensatz zu Eltern, Gro\u00dfeltern von Shakira ja erf\u00fcllt die Anforderungen verlegt werden und die EMVS am 3. M\u00e4rz 2011 vergeben wir eine Etage mit drei Schlafzimmern und 77,70 qm in der Stra\u00dfe in Tetouan, Castillejos.<\/p>\n<p>Als, &#8220;trotz mehrfach Ladung&#8221; unterzeichnen den Vertrag, &#8220;stets geweigert, sie f\u00fcr Ihren Umzug zu akzeptieren&#8221;, war jedoch wirksame Entsagung und schlie\u00dflich &#8220;mit den entsprechenden garantieren&#8221;, wurden ger\u00e4umt und abgerissen, die &#8220;illegale&#8221; Haus wo lebten.<\/p>\n<p>Der Rat erinnert daran, dass in den letzten Jahren im Rahmen des Tilgungsprogramms D\u00f6rfer Typologie Sonder- und anderen illegalen Siedlungen, kommunale Wohnungsbaugesellschaft und der Hauptstadt Etage (EMVS) &#8220;ist umgezogen dauerhaft f\u00fcr alle Familien, die gem\u00e4\u00df den Anforderungen, wohnten in den Bereichen&#8221;.<\/p>\n<p>El Ayuntamiento de Madrid zeigt au\u00dferdem, dass am letzten Tag 17 Madrid Geh\u00e4use Institut (Ivima) sozialen und aktuellen medizinischen Bericht gesendet wurde Moll; dass Datum aus der gleichen als dringend die Anerkennung der Situation der Abh\u00e4ngigkeit verarbeitet wird und dass datiert 1. August \u00dcberpr\u00fcfung des Programms Intervention dieser Familie als Nutznie\u00dfer des minimalen Einf\u00fcgung Einkommens seit 2002 vollendet.<\/p>\n<p>Verantwortlich f\u00fcr die Untersuchung von Amnesty International Februar Tamayo Efe heute gesagt hat, dass das M\u00e4dchen gestern eine Biopsie an der Universit\u00e4t Krankenhaus von Navarra,, die kamen unterzogen wurde nach, dass seine Familie eine Auflistung, deren Ergebnisse werden innerhalb von f\u00fcnf Tagen bekannt gegeben.<\/p>\n","protected":false},"excerpt":{"rendered":"<p>Madrid, 23 Aug (EFE).-das Ayuntamiento de Madrid ein Wort Reaccommodation Gro\u00dfeltern von Shakira g.n., ein 6 Jahre altes M\u00e4dchen, das zusammen mit seiner Familie in einem Haus in der Stadt von Puerta de Hierro, vertrieben aber trat sie akzeptieren die. The Madrid Stadtrat hat \u00d6ffentlichkeit diese Informationen einmal Amnesty International heute mitteilen, dass es ge\u00f6ffnet [&hellip;]<\/p>\n","protected":false},"author":1,"featured_media":0,"comment_status":"close","ping_status":"open","sticky":false,"template":"","format":"standard","meta":{"footnotes":""},"categories":[3],"tags":[],"class_list":["post-14275","post","type-post","status-publish","format-standard","hentry","category-allgemeine","et-doesnt-have-format-content","et_post_format-et-post-format-standard"],"_links":{"self":[{"href":"https:\/\/www.best-dentist-dentistry.com\/de\/wp-json\/wp\/v2\/posts\/14275","targetHints":{"allow":["GET"]}}],"collection":[{"href":"https:\/\/www.best-dentist-dentistry.com\/de\/wp-json\/wp\/v2\/posts"}],"about":[{"href":"https:\/\/www.best-dentist-dentistry.com\/de\/wp-json\/wp\/v2\/types\/post"}],"author":[{"embeddable":true,"href":"https:\/\/www.best-dentist-dentistry.com\/de\/wp-json\/wp\/v2\/users\/1"}],"replies":[{"embeddable":true,"href":"https:\/\/www.best-dentist-dentistry.com\/de\/wp-json\/wp\/v2\/comments?post=14275"}],"version-history":[{"count":0,"href":"https:\/\/www.best-dentist-dentistry.com\/de\/wp-json\/wp\/v2\/posts\/14275\/revisions"}],"wp:attachment":[{"href":"https:\/\/www.best-dentist-dentistry.com\/de\/wp-json\/wp\/v2\/media?parent=14275"}],"wp:term":[{"taxonomy":"category","embeddable":true,"href":"https:\/\/www.best-dentist-dentistry.com\/de\/wp-json\/wp\/v2\/categories?post=14275"},{"taxonomy":"post_tag","embeddable":true,"href":"https:\/\/www.best-dentist-dentistry.com\/de\/wp-json\/wp\/v2\/tags?post=14275"}],"curies":[{"name":"wp","href":"https:\/\/api.w.org\/{rel}","templated":true}]}}