{"id":14310,"date":"2012-09-04T02:31:14","date_gmt":"2012-09-04T02:31:14","guid":{"rendered":null},"modified":"-0001-11-30T00:00:00","modified_gmt":"-0001-11-30T00:00:00","slug":"joan-march-workers-is-encerraran-in-the-hospital-this-monday","status":"publish","type":"post","link":"https:\/\/www.best-dentist-dentistry.com\/de\/joan-march-workers-is-encerraran-in-the-hospital-this-monday\/14310","title":{"rendered":"Joan March Arbeitnehmer ist &#8220;Encerrar\u00e1n&#8221; im Krankenhaus am vergangenen Montag"},"content":{"rendered":"<p class=\"first\"> PALMA DE MALLORCA, 30 (EUROPA PRESS)<\/p>\n<p><span class=\"yshortcuts\" id=\"lw_1335814937_4\"> Arbeitnehmer<\/span> von dem <span class=\"yshortcuts\" id=\"lw_1335814937_0\"> Krankenhaus Joan March<\/span> ist &#8220;Encerrar\u00e1n&#8221; von diesem Montag um 10 Uhr in der Krankenhaus-Verbindung aus Protest an der Schlie\u00dfung gab am Montag die <span class=\"yshortcuts\" id=\"lw_1335814937_5\"> Regierung<\/span> unter einen Plan f\u00fcr das <span class=\"yshortcuts\" id=\"lw_1335814937_3\"> wirtschaftliche Gleichgewicht<\/span> und die Tatsache, dass keine &#8220;keine Erkl\u00e4rung&#8221; in diesem Zusammenhang von der regionalen Verwaltung erhalten bekannt.<\/p>\n<p>Wie sie Quellen des Abschnitts CAIB CCOO Union Europa Press berichtet haben die rund 200 Arbeiter dieses Zentrum haben beschlossen, einschlie\u00dfen &#8220;auf unbestimmte Zeit gegen die Schlie\u00dfung des Krankenhauses&#8221; und der &#8220;niedrig&#8221;, die rund 200 Mitarbeitern hier\u00fcber erhalten haben.<\/p>\n<p>Haben machte es jedoch klar, dass der Protest nicht alle Mitarbeiter beteiligt sind, da sie nicht wollen, dass diese Tat Folgen f\u00fcr Benutzer des Krankenhauses hat, also die Hilfe h\u00e4ngt Verschiebungen von jedem Professional.<\/p>\n<p>In diesem Sinne haben sie kritisiert noch nicht wissen, was passiert mit den Besch\u00e4ftigten, Joan March, als im Allgemeinen Krankenhaus, und hatte am Mittwoch angegeben, sie hielten eine Assembly, die entscheiden, was Anspr\u00fcche zu Govern erhalten.<\/p>\n<p>&#8220;, Die hoffentlich nach der Versammlung am Mittwoch, die Verwaltung geben Antworten auf Fragen, dass wir tun, weil sie keine klare Antwort gegeben haben&#8221;. Zeitgleich mit der Schliessung, auch ein Farbband Schwarzes als Symbol f\u00fcr die Verteidigung der \u00f6ffentlichen Dienstleistungen auf der Vorderseite des Geh\u00e4uses aufgeh\u00e4ngt.<\/p>\n","protected":false},"excerpt":{"rendered":"<p>PALMA DE MALLORCA, 30 (EUROPA PRESS) Arbeitnehmer von dem Krankenhaus Joan March ist &#8220;Encerrar\u00e1n&#8221; von diesem Montag um 10 Uhr in der Krankenhaus-Verbindung aus Protest an der Schlie\u00dfung gab am Montag die Regierung unter einen Plan f\u00fcr das wirtschaftliche Gleichgewicht und die Tatsache, dass keine &#8220;keine Erkl\u00e4rung&#8221; in diesem Zusammenhang von der regionalen Verwaltung erhalten [&hellip;]<\/p>\n","protected":false},"author":1,"featured_media":0,"comment_status":"close","ping_status":"open","sticky":false,"template":"","format":"standard","meta":{"footnotes":""},"categories":[3],"tags":[25442,25441],"class_list":["post-14310","post","type-post","status-publish","format-standard","hentry","category-allgemeine","tag-march","tag-missmanagement","et-doesnt-have-format-content","et_post_format-et-post-format-standard"],"_links":{"self":[{"href":"https:\/\/www.best-dentist-dentistry.com\/de\/wp-json\/wp\/v2\/posts\/14310","targetHints":{"allow":["GET"]}}],"collection":[{"href":"https:\/\/www.best-dentist-dentistry.com\/de\/wp-json\/wp\/v2\/posts"}],"about":[{"href":"https:\/\/www.best-dentist-dentistry.com\/de\/wp-json\/wp\/v2\/types\/post"}],"author":[{"embeddable":true,"href":"https:\/\/www.best-dentist-dentistry.com\/de\/wp-json\/wp\/v2\/users\/1"}],"replies":[{"embeddable":true,"href":"https:\/\/www.best-dentist-dentistry.com\/de\/wp-json\/wp\/v2\/comments?post=14310"}],"version-history":[{"count":0,"href":"https:\/\/www.best-dentist-dentistry.com\/de\/wp-json\/wp\/v2\/posts\/14310\/revisions"}],"wp:attachment":[{"href":"https:\/\/www.best-dentist-dentistry.com\/de\/wp-json\/wp\/v2\/media?parent=14310"}],"wp:term":[{"taxonomy":"category","embeddable":true,"href":"https:\/\/www.best-dentist-dentistry.com\/de\/wp-json\/wp\/v2\/categories?post=14310"},{"taxonomy":"post_tag","embeddable":true,"href":"https:\/\/www.best-dentist-dentistry.com\/de\/wp-json\/wp\/v2\/tags?post=14310"}],"curies":[{"name":"wp","href":"https:\/\/api.w.org\/{rel}","templated":true}]}}