{"id":14335,"date":"2012-09-04T02:33:02","date_gmt":"2012-09-04T02:33:02","guid":{"rendered":null},"modified":"-0001-11-30T00:00:00","modified_gmt":"-0001-11-30T00:00:00","slug":"several-wounded-and-detainees-in-another-day-of-protests-of-doctors-in-bolivia","status":"publish","type":"post","link":"https:\/\/www.best-dentist-dentistry.com\/de\/several-wounded-and-detainees-in-another-day-of-protests-of-doctors-in-bolivia\/14335","title":{"rendered":"Mehrere verwundete und Gefangene an einem anderen Tag der Proteste der \u00c4rzte in Bolivien"},"content":{"rendered":"<p class=\"first\"> La Paz, 2 kann (EFE).-eine unbestimmte Anzahl von Menschen heute wurden verletzt und verhaftet in mehreren Zwischenf\u00e4llen w\u00e4hrend der Proteste der \u00c4rzte, in der sechsten Woche unbefristeten Streik, durch die Entscheidung von Pr\u00e4sident Evo Morales bis sechs bis acht Stunden t\u00e4gliche Arbeitszeit, offizielle Quellen sagten.<\/p>\n<p>In der N\u00e4he der zentralen Stadt Cochabamba, stie\u00dfen mit Omnibusunternehmen Passagiere betroffen durch eine Blockade der Stra\u00dfe nach La Paz und dann die Polizei Krankenhaus-Arbeitern, Vorf\u00e4lle gel\u00f6scht, mit vier verwundet zugelassen in einem Krankenhaus und 14 verhaftet.<\/p>\n<p>\u00c4rzten und Krankenh\u00e4usern Besch\u00e4ftigten begannen Stra\u00dfen als Teil ihrer Proteste zu blockieren, die Streikposten der Streiks des Hungers und der t\u00e4glichen Stra\u00dfe M\u00e4rsche, mit die wichtigste St\u00fctze der Akademiker, die Medizin zu studieren.<\/p>\n<p>In La Paz, einige Lehrer und Sch\u00fcler waren im Hungerstreik an der medizinischen Fakult\u00e4t der staatlichen Universit\u00e4t evakuiert f\u00fcr Notfall medizinische Zentren nach dem Ausbruch ein paar Meter vom Ort des Tr\u00e4nengas Granaten.<\/p>\n<p>Stellvertretender Minister Interior Arrangements, Jorge Perez, sagte in einer Pressekonferenz, dass Polizei nichts hatte zu tun mit der Explosion der Granada und lehnte die Universit\u00e4t-Ver\u00f6ffentlichungen in Bezug auf, die durch verdeckte Ermittler verursacht wurde.<\/p>\n<p>Perez bezeichnete den Vorfall als einen kriminellen, kriminellen Akt als &#8220;an der Grenze gegen den Terrorismus&#8221; und die es werden untersucht, obwohl er fremde zugeschrieben, nach eigenem Ermessen, mit Explosion will Demonstrationen gegen die Regierung gewaltt\u00e4tig geworden.<\/p>\n<p>F\u00fcgte hinzu, dass die Polizeibeamten die Universit\u00e4tseinrichtungen nicht betreten k\u00f6nnen, weil die eigenen Studenten diejenigen, die seine Sicherheit sind, Bewachung Streiks organisiert.<\/p>\n<p>\u00c4rzte und Gesundheitspersonal durchgef\u00fchrt, eine weitere Blockade auf einer Stra\u00dfe zwischen der \u00f6stlichen Departements Santa Cruz und Beni und verk\u00fcndet, dass morgen sie die Stra\u00dfe nach Cochabamba geschnitten werden.<\/p>\n<p>Morales Regierung lehnte die Anforderung f\u00fcr den Sektor zur Aufhebung des Dekrets die erh\u00f6ht seine sechs bis acht Stunden-Arbeitstag, und hat damit begonnen, die Abz\u00fcge f\u00fcr die Hunderte von \u00c4rzten gelten, die die t\u00e4glichen Proteste zu erf\u00fcllen. EFE<\/p>\n<p>ja\/gb\/Ei<\/p>\n","protected":false},"excerpt":{"rendered":"<p>La Paz, 2 kann (EFE).-eine unbestimmte Anzahl von Menschen heute wurden verletzt und verhaftet in mehreren Zwischenf\u00e4llen w\u00e4hrend der Proteste der \u00c4rzte, in der sechsten Woche unbefristeten Streik, durch die Entscheidung von Pr\u00e4sident Evo Morales bis sechs bis acht Stunden t\u00e4gliche Arbeitszeit, offizielle Quellen sagten. In der N\u00e4he der zentralen Stadt Cochabamba, stie\u00dfen mit Omnibusunternehmen [&hellip;]<\/p>\n","protected":false},"author":1,"featured_media":0,"comment_status":"close","ping_status":"open","sticky":false,"template":"","format":"standard","meta":{"footnotes":""},"categories":[3],"tags":[25466],"class_list":["post-14335","post","type-post","status-publish","format-standard","hentry","category-allgemeine","tag-entrevista-mision","et-doesnt-have-format-content","et_post_format-et-post-format-standard"],"_links":{"self":[{"href":"https:\/\/www.best-dentist-dentistry.com\/de\/wp-json\/wp\/v2\/posts\/14335","targetHints":{"allow":["GET"]}}],"collection":[{"href":"https:\/\/www.best-dentist-dentistry.com\/de\/wp-json\/wp\/v2\/posts"}],"about":[{"href":"https:\/\/www.best-dentist-dentistry.com\/de\/wp-json\/wp\/v2\/types\/post"}],"author":[{"embeddable":true,"href":"https:\/\/www.best-dentist-dentistry.com\/de\/wp-json\/wp\/v2\/users\/1"}],"replies":[{"embeddable":true,"href":"https:\/\/www.best-dentist-dentistry.com\/de\/wp-json\/wp\/v2\/comments?post=14335"}],"version-history":[{"count":0,"href":"https:\/\/www.best-dentist-dentistry.com\/de\/wp-json\/wp\/v2\/posts\/14335\/revisions"}],"wp:attachment":[{"href":"https:\/\/www.best-dentist-dentistry.com\/de\/wp-json\/wp\/v2\/media?parent=14335"}],"wp:term":[{"taxonomy":"category","embeddable":true,"href":"https:\/\/www.best-dentist-dentistry.com\/de\/wp-json\/wp\/v2\/categories?post=14335"},{"taxonomy":"post_tag","embeddable":true,"href":"https:\/\/www.best-dentist-dentistry.com\/de\/wp-json\/wp\/v2\/tags?post=14335"}],"curies":[{"name":"wp","href":"https:\/\/api.w.org\/{rel}","templated":true}]}}