{"id":14336,"date":"2012-09-04T02:33:05","date_gmt":"2012-09-04T02:33:05","guid":{"rendered":null},"modified":"-0001-11-30T00:00:00","modified_gmt":"-0001-11-30T00:00:00","slug":"parez-molina-swear-to-the-new-health-minister-guatemala","status":"publish","type":"post","link":"https:\/\/www.best-dentist-dentistry.com\/de\/parez-molina-swear-to-the-new-health-minister-guatemala\/14336","title":{"rendered":"P\u00e9rez Molina schw\u00f6ren auf die neue Gesundheitsministerin, Guatemala"},"content":{"rendered":"<p class=\"first\"> Guatemala, 2. Mai (EFE).-der Pr\u00e4sident von Guatemala, Otto P\u00e9rez Molina, wurde heute zu Arzt Jorge Villavicencio als seine neue Gesundheitsministerin, Ersetzen von Francisco Arredondo, von der Post April letzten Jahres zur\u00fcckgetretenen vereidigt.<\/p>\n<p>Vertreter sagte, dass Villavicencio auf den Posten &#8220;zwischen zw\u00f6lf Experten&#8221; gew\u00e4hlt wurde, wurden vorgeschlagen, das Gesundheit-Portfolio anzusprechen.<\/p>\n<p>Die Hauptaufgabe des neuen Ministers, erkl\u00e4rt das Urteil st\u00e4rkt das prek\u00e4re System der Public health des Landes, sowie Transparenz in den Prozessen f\u00fcr den Erwerb von Medikamenten, die im Mittelpunkt der Korruption wurden.<\/p>\n<p>Villavicencio ersetzt im Amt zu Francisco Arredondo, wer trat am 11. April Gesundheitsprobleme zu verlangen, und wer wurde das erste Opfer der dem Kabinett von Perez, wer am 14. Januar eingeweiht wurde.<\/p>\n<p>Im Bild, der Pr\u00e4sident von Guatemala, Otto P\u00e9rez Molina. WireImage \/<\/p>\n","protected":false},"excerpt":{"rendered":"<p>Guatemala, 2. Mai (EFE).-der Pr\u00e4sident von Guatemala, Otto P\u00e9rez Molina, wurde heute zu Arzt Jorge Villavicencio als seine neue Gesundheitsministerin, Ersetzen von Francisco Arredondo, von der Post April letzten Jahres zur\u00fcckgetretenen vereidigt. Vertreter sagte, dass Villavicencio auf den Posten &#8220;zwischen zw\u00f6lf Experten&#8221; gew\u00e4hlt wurde, wurden vorgeschlagen, das Gesundheit-Portfolio anzusprechen. Die Hauptaufgabe des neuen Ministers, erkl\u00e4rt [&hellip;]<\/p>\n","protected":false},"author":1,"featured_media":0,"comment_status":"close","ping_status":"open","sticky":false,"template":"","format":"standard","meta":{"footnotes":""},"categories":[3],"tags":[25466,25467,25468],"class_list":["post-14336","post","type-post","status-publish","format-standard","hentry","category-allgemeine","tag-entrevista-mision","tag-molina","tag-schwren","et-doesnt-have-format-content","et_post_format-et-post-format-standard"],"_links":{"self":[{"href":"https:\/\/www.best-dentist-dentistry.com\/de\/wp-json\/wp\/v2\/posts\/14336","targetHints":{"allow":["GET"]}}],"collection":[{"href":"https:\/\/www.best-dentist-dentistry.com\/de\/wp-json\/wp\/v2\/posts"}],"about":[{"href":"https:\/\/www.best-dentist-dentistry.com\/de\/wp-json\/wp\/v2\/types\/post"}],"author":[{"embeddable":true,"href":"https:\/\/www.best-dentist-dentistry.com\/de\/wp-json\/wp\/v2\/users\/1"}],"replies":[{"embeddable":true,"href":"https:\/\/www.best-dentist-dentistry.com\/de\/wp-json\/wp\/v2\/comments?post=14336"}],"version-history":[{"count":0,"href":"https:\/\/www.best-dentist-dentistry.com\/de\/wp-json\/wp\/v2\/posts\/14336\/revisions"}],"wp:attachment":[{"href":"https:\/\/www.best-dentist-dentistry.com\/de\/wp-json\/wp\/v2\/media?parent=14336"}],"wp:term":[{"taxonomy":"category","embeddable":true,"href":"https:\/\/www.best-dentist-dentistry.com\/de\/wp-json\/wp\/v2\/categories?post=14336"},{"taxonomy":"post_tag","embeddable":true,"href":"https:\/\/www.best-dentist-dentistry.com\/de\/wp-json\/wp\/v2\/tags?post=14336"}],"curies":[{"name":"wp","href":"https:\/\/api.w.org\/{rel}","templated":true}]}}