{"id":14407,"date":"2012-09-04T02:56:15","date_gmt":"2012-09-04T02:56:15","guid":{"rendered":null},"modified":"-0001-11-30T00:00:00","modified_gmt":"-0001-11-30T00:00:00","slug":"health-shows-its-deepest-rejection-to-approval-of-health-decree-that-gives-the-green-light-to-the-insured","status":"publish","type":"post","link":"https:\/\/www.best-dentist-dentistry.com\/de\/health-shows-its-deepest-rejection-to-approval-of-health-decree-that-gives-the-green-light-to-the-insured\/14407","title":{"rendered":"Gesundheit zeigt seine &#8220;tiefste&#8221; Ablehnung bis zur Genehmigung der Gesundheit Erlass, der gr\u00fcnes Licht dem Versicherten gibt"},"content":{"rendered":"<p class=\"first\"> Sevilla 3 (EUROPA PRESS)<\/p>\n<p>Das andalusischen regionale Ministerium f\u00fcr Gesundheit und Soziales hat seine &#8220;tiefsten&#8221; Ablehnung auf den Erlass des K\u00f6niglichen Dekrets gezeigt, die den Status des Versicherten und beg\u00fcnstigten Zwecken der medizinischen Versorgung in Spanien, kostenpflichtige, \u00f6ffentliche Mittel, und durch das nationale Gesundheitssystem regelt.<\/p>\n<p>In einer Notiz, Gesundheit hat gezeigt &#8220;front&#8221; Ablehnung dieser Norm und den Status der Versicherungsnehmer und beg\u00fcnstigten Zwecken der Gesundheitsversorgung in Spanien.<\/p>\n<p>Diese Regeln verstehen, Gesundheit, &#8220;ein Schritt mehr in die radikale Ver\u00e4nderung im Gesundheitswesen-Modell nach dem k\u00f6niglichen Dekret Gesetz 16\/2012 am 20. April \u00fcber dringende Ma\u00dfnahmen zur Gew\u00e4hrleistung der Nachhaltigkeit des \u00f6ffentlichen Gesundheitswesens und verbessern die Qualit\u00e4t und Sicherheit ihrer Vorteile und einen neuen R\u00fcckgang der Gesundheitsversorgung Rechte der Staatsb\u00fcrgerschaft, die vertieft in den Abbau des nationalen Systems der Gesundheit (SNS)&#8221;, wie seit dem Jahr 1986 in Betrieb hatte: &#8220;.<\/p>\n<p>Darauf hingewiesen, dass die Regierung des Vorstands die Einreichung einer Aktion der Verfassungswidrigkeit gegen die vorgenannten k\u00f6nigliches Dekret Gesetz autorisiert hat.<\/p>\n<p>Hat noch einmal gefordert, dieser k\u00f6niglichen Erlass das L\u00f6schen eines der grundlegenden Eigenschaften best\u00e4tigt: &#8220;universal Access f\u00fcr alle B\u00fcrgerinnen und B\u00fcrger zum \u00f6ffentlichen Gesundheitswesen, da von einer SNS \u00f6ffentliche, universal und kostenlos zu einem Modell f\u00fcr die Qualit\u00e4tssicherung, gegangen in die Finanzierung erfolgt durch versicherte B\u00fcrger, durch die Beitr\u00e4ge zur Sozialversicherung&#8221;.<\/p>\n<p>&#8220;Put eine andere Art und Weise, bedeutet, dass es bewegt sich von einem \u00f6ffentlichen Gesundheitssystems, die \u00fcber Steuern auf der Grundlage von Einkommen eines jeden B\u00fcrgers finanziert wird und welche Garantien Gesundheitsversorgung f\u00fcr alle, ungeachtet dessen zahlen mehr oder weniger Steuern f\u00fcr die Gesundheit des Versicherten weglassen und marginalisieren diejenigen, die am wenigsten haben kann&#8221;.<\/p>\n<p>Darum mit &#8220;false&#8221; bewertet, das Gesundheitsministerium, die das Ziel der neuen Regelungen ist die ausdr\u00fcckt Sicherstellung die Universalit\u00e4t des Rechts auf \u00f6ffentliche Gesundheitsversorgung f\u00fcr alle Spanier und Ausl\u00e4nder mit Wohnsitz in Spanien.<\/p>\n<p>Gesundheit erinnert daran, dass bereits Act 33\/2011General sechste Zusatzbestimmung der Volksgesundheit, dies mit war das auf jeden Fall das nationale System der Gesundheit erweitern &#8220;das Recht auf Zugang zu \u00f6ffentlichen Gesundheitsdiensten&#8221; geschlossen zu allen Spaniern im nationalen Gebiet wohnen.<\/p>\n<p>F\u00fcr ausl\u00e4ndische B\u00fcrger ist genau das Real Decreto legislativo 16\/2012, die \u00e4ndert Artikel 12 des Organisationsgesetzes 4\/2000, 11 Januar, Rechte und Freiheiten von Ausl\u00e4ndern in Spanien und ihre gesellschaftliche Integration, eingeschr\u00e4nkte Rechte, die Sie f\u00fcr Ausl\u00e4nder in ihre dritte Schlussbestimmung erkannt.<\/p>\n<p>Auf der anderen Seite die Ver\u00f6ffentlichung dieses k\u00f6niglichen Dekrets &#8220;garantiert nicht die Universalit\u00e4t Populationen der Vorg\u00e4ngernorm ja au\u00dferhalb des Systems der Versicherung auf bestimmte Sektoren (Bev\u00f6lkerung mit Einkommen \u00fcber 100.000 Euro) enthalten verlassen und \u00fcbernimmt die B\u00fcrokratisierung und die Notwendigkeit der Anerkennung des Rechts durch die Verwaltung&#8221;.<\/p>\n<p>Heilung auch ausdr\u00fccken, die mit dieser Norm sind definitiv enthalten einige Gruppen, Architekten und Anw\u00e4lte, die bereits ausdr\u00fccklich in den zus\u00e4tzlichen sechsten dritten Punkt, der Public Health Act Bestimmung zum Ausdruck kam.<\/p>\n<p>&#8220;Darauf bestehen, dass das Modell der Qualit\u00e4tssicherung, der zwischen Versicherten und Beg\u00fcnstigten Spitze einen Ansturm auf soziale Gerechtigkeit und den Sozialstaat unterscheidet \u00fcbernimmt eine R\u00fcckkehr in die Konzepte von vor 30 Jahren und straft die kollektiven ungesch\u00fctzten und verletzlich in harten wirtschaftlichen Verh\u00e4ltnissen auf das Land&#8221;, haben in einer Notiz erkl\u00e4rt.<\/p>\n<p>Hat gerade, darauf hingewiesen, dass &#8220;unter dem Deckmantel der Wirtschaftslage als Kulisse&#8221;, die Regierung von Rajoy ist ideologisch sind unter Ausnutzung der Lage, ihre Reformen zu bringen und nicht wirtschaftlich, da es ist gut dokumentiert, dass Qualit\u00e4tssicherung Modelle teurer, weniger gerechte sind und schlechtere Ergebnisse im Gesundheitswesen. Wir k\u00f6nnen sagen, die Ver\u00e4nderungen, die eingef\u00fchrt werden erzeugt nicht nur keine Einsparungen, die eine Erh\u00f6hung der \u00f6ffentlichen Ausgaben f\u00fcr Gesundheit f\u00fchren k\u00f6nnen.<\/p>\n<p>In Bezug auf Gesundheitstourismus, hat darauf hingewiesen, dass &#8220;noch ist es wahr, dass dieses k\u00f6niglichen Dekret zum ersten Mal Mechanismen zur Vermeidung dieses Ph\u00e4nomen seit bestehenden schaffen Ma\u00dfnahmen zu diesem Zweck&#8221;.<\/p>\n<p>Deshalb zu verstehen, dass diese RD garantiert nicht noch bietet keine neuen Rechte zur Staatsb\u00fcrgerschaft, sondern eher einige Teile der Gesellschaft der grunds\u00e4tzliche Anspruch Streifen auf medizinische Betreuung, wie im Falle der Ausl\u00e4nder ohne Wohnsitz in unserem Land.<\/p>\n<p>&#8220;Mehr als menschliche und ethische \u00dcberlegungen verlassen ohne Sorge um diese kollektive Mittel, um ernsthaft die \u00f6ffentliche Gesundheit in das Land zu verlassen, ohne Behandlung Prozesse der chronischen und infekti\u00f6se zum Zeitpunkt verursacht eine gr\u00f6\u00dfere Ausgaben f\u00fcr Gesundheit durch Ablenkung der Patienten auf die Versorgung im Notfall-Pathway, gef\u00e4hrdet ist, da\u00df es teurer&#8221;, f\u00fcgt die Anmerkung.<\/p>\n<p>Gesundheit, zu dem Schluss, &#8220;verdeutlicht, dass die Regierung der Volkspartei weiterhin seine Absicht, die Wirtschaftskrise, ihre ideologischen Reformen, verwenden, die wie Sie in verschiedenen Bereichen der Gesellschaft, anzeigen um einen Sprung von 30 Jahren in die Vergangenheit, als auch die Idee des Zentralismus eine klare Missachtung der Zustand der die Autonomien zu verst\u00e4rken ist&#8221;&#8221;, so dass in den H\u00e4nden des nationalen Institut f\u00fcr soziale Sicherheit, Anerkennung des Status des Versicherten&#8221;.<\/p>\n","protected":false},"excerpt":{"rendered":"<p>Sevilla 3 (EUROPA PRESS) Das andalusischen regionale Ministerium f\u00fcr Gesundheit und Soziales hat seine &#8220;tiefsten&#8221; Ablehnung auf den Erlass des K\u00f6niglichen Dekrets gezeigt, die den Status des Versicherten und beg\u00fcnstigten Zwecken der medizinischen Versorgung in Spanien, kostenpflichtige, \u00f6ffentliche Mittel, und durch das nationale Gesundheitssystem regelt. In einer Notiz, Gesundheit hat gezeigt &#8220;front&#8221; Ablehnung dieser Norm [&hellip;]<\/p>\n","protected":false},"author":1,"featured_media":0,"comment_status":"close","ping_status":"open","sticky":false,"template":"","format":"standard","meta":{"footnotes":""},"categories":[3],"tags":[25550,25549],"class_list":["post-14407","post","type-post","status-publish","format-standard","hentry","category-allgemeine","tag-gesundheit-erlass","tag-segeln","et-doesnt-have-format-content","et_post_format-et-post-format-standard"],"_links":{"self":[{"href":"https:\/\/www.best-dentist-dentistry.com\/de\/wp-json\/wp\/v2\/posts\/14407","targetHints":{"allow":["GET"]}}],"collection":[{"href":"https:\/\/www.best-dentist-dentistry.com\/de\/wp-json\/wp\/v2\/posts"}],"about":[{"href":"https:\/\/www.best-dentist-dentistry.com\/de\/wp-json\/wp\/v2\/types\/post"}],"author":[{"embeddable":true,"href":"https:\/\/www.best-dentist-dentistry.com\/de\/wp-json\/wp\/v2\/users\/1"}],"replies":[{"embeddable":true,"href":"https:\/\/www.best-dentist-dentistry.com\/de\/wp-json\/wp\/v2\/comments?post=14407"}],"version-history":[{"count":0,"href":"https:\/\/www.best-dentist-dentistry.com\/de\/wp-json\/wp\/v2\/posts\/14407\/revisions"}],"wp:attachment":[{"href":"https:\/\/www.best-dentist-dentistry.com\/de\/wp-json\/wp\/v2\/media?parent=14407"}],"wp:term":[{"taxonomy":"category","embeddable":true,"href":"https:\/\/www.best-dentist-dentistry.com\/de\/wp-json\/wp\/v2\/categories?post=14407"},{"taxonomy":"post_tag","embeddable":true,"href":"https:\/\/www.best-dentist-dentistry.com\/de\/wp-json\/wp\/v2\/tags?post=14407"}],"curies":[{"name":"wp","href":"https:\/\/api.w.org\/{rel}","templated":true}]}}