{"id":14443,"date":"2012-09-04T03:29:17","date_gmt":"2012-09-04T03:29:17","guid":{"rendered":null},"modified":"-0001-11-30T00:00:00","modified_gmt":"-0001-11-30T00:00:00","slug":"the-cnlse-participates-in-the-ibero-american-congress-of-languages-in-education-and-culture","status":"publish","type":"post","link":"https:\/\/www.best-dentist-dentistry.com\/de\/the-cnlse-participates-in-the-ibero-american-congress-of-languages-in-education-and-culture\/14443","title":{"rendered":"the cnlse participates in the ibero american congress of languages in education and culture"},"content":{"rendered":"<p><strong>Die CNLSE beteiligt sich an der iberoamerikanischen Kongress der Sprachen in Bildung und Kultur. <br \/><\/strong> <br \/><font size=\"2\"> <strong>Madrid, September 2012.-<\/strong> das Zentrum f\u00fcr sprachliche Standardisierung der Sprache der Zeichen, die Spanisch, CNLSE, K\u00f6rper befestigt an den Royal Trust f\u00fcr Behinderung, nehmen an der iberoamerikanischen Kongress der Sprachen in Bildung und Kultur, die im Palast der Kongresse und Ausstellungen de Castilla y Le\u00f3n stattfinden wirdSalamanca, von 5 bis 7 September. <\/p>\n<p>Der Direktor des CNLSE, M\u00aa light Esteban, teilnehmen am Donnerstag 6. am Runden Tisch, die den enormen Fortschritt gerecht wird, die vor kurzem erlebt hat, Lehren und das Lernen der Geb\u00e4rdensprache sowie die p\u00e4dagogische Rolle dieser Sprachen, Aspekt, der eine wichtige Rolle in der Bildungspolitik seit langem besch\u00e4ftigt hat. <\/p>\n<p align=\"center\"><img loading=\"lazy\" decoding=\"async\" title=\"\" height=\"197\" alt=\"\" src=\"http:\/\/www.best-dentist-dentistry.com\/best-dentist-images\/the-cnlse-participates-in-the-ibero-american-congress-of-languages-in-education-and-culture.jpg\" width=\"450\" align=\"baseline\" border=\"0\"\/><\/p>\n<p>El principal objetivo de este Congreso Iberoamericano de las Lenguas en la Educaci&oacute;n y en la Cultura, convocado por la Organizaci&oacute;n de Estados Iberoamericanos para la Educaci&oacute;n, la Ciencia y la Cultura (OEI) y el Ministerio de Educaci&oacute;n, Cultura y Deporte en el marco de sus respectivos programas para el fortalecimiento de las Lenguas de Iberoam&eacute;ricaWir f\u00f6rdern das Projekt der Sprachen im Unterricht, als auch Tauchen Sie ein in die Bedeutung von Sprachen als Achse des kulturellen Getriebes. <\/p>\n<p>Dar\u00fcber hinaus wird der Kongress dienen, die Preise des Wettbewerbs Iberoamerika-Scripts f\u00fcr die Ausbildung junger Menschen im kommunikativen und filmischen Ausdruck im schulpflichtigen Alter (12-15 Jahre), liefern die junge Tauben und Tauben aus verschiedenen L\u00e4ndern f\u00fcr die Vorbereitung, Scripts und Produktion von Kurzfilmen in Geb\u00e4rdensprache beteiligt. Die Grundlagen des Wettbewerbs wurde auf der Website des spanischen Geb\u00e4rdensprache und internationale Zeichen Wettbewerb zug\u00e4nglich. <\/p>\n<p><strong>Weitere Informationen<\/strong> <\/p>\n<p>Die sprachliche Standardisierung der Sprache der Zeichen ist Spanisch Center ein staatliches Organ integriert in den Royal Trust, deren Aufgabe es ist f\u00fcr die Normalisierung der spanische Geb\u00e4rdensprache, arbeiten als ein Raum der Verweis, gew\u00e4hrleisten die ordnungsgem\u00e4\u00dfe Verwendung und werden dazu beitragen, die sprachlichen Rechte der Menschen, die diese Behinderung verwenden Sprache. <\/p>\n<p><\/font><\/p>\n","protected":false},"excerpt":{"rendered":"<p>Die CNLSE beteiligt sich an der iberoamerikanischen Kongress der Sprachen in Bildung und Kultur. Madrid, September 2012.- das Zentrum f\u00fcr sprachliche Standardisierung der Sprache der Zeichen, die Spanisch, CNLSE, K\u00f6rper befestigt an den Royal Trust f\u00fcr Behinderung, nehmen an der iberoamerikanischen Kongress der Sprachen in Bildung und Kultur, die im Palast der Kongresse und Ausstellungen [&hellip;]<\/p>\n","protected":false},"author":1,"featured_media":0,"comment_status":"close","ping_status":"open","sticky":false,"template":"","format":"standard","meta":{"footnotes":""},"categories":[3],"tags":[25587,25585,25588],"class_list":["post-14443","post","type-post","status-publish","format-standard","hentry","category-allgemeine","tag-cnlse","tag-einwanderer","tag-kultur","et-doesnt-have-format-content","et_post_format-et-post-format-standard"],"_links":{"self":[{"href":"https:\/\/www.best-dentist-dentistry.com\/de\/wp-json\/wp\/v2\/posts\/14443","targetHints":{"allow":["GET"]}}],"collection":[{"href":"https:\/\/www.best-dentist-dentistry.com\/de\/wp-json\/wp\/v2\/posts"}],"about":[{"href":"https:\/\/www.best-dentist-dentistry.com\/de\/wp-json\/wp\/v2\/types\/post"}],"author":[{"embeddable":true,"href":"https:\/\/www.best-dentist-dentistry.com\/de\/wp-json\/wp\/v2\/users\/1"}],"replies":[{"embeddable":true,"href":"https:\/\/www.best-dentist-dentistry.com\/de\/wp-json\/wp\/v2\/comments?post=14443"}],"version-history":[{"count":0,"href":"https:\/\/www.best-dentist-dentistry.com\/de\/wp-json\/wp\/v2\/posts\/14443\/revisions"}],"wp:attachment":[{"href":"https:\/\/www.best-dentist-dentistry.com\/de\/wp-json\/wp\/v2\/media?parent=14443"}],"wp:term":[{"taxonomy":"category","embeddable":true,"href":"https:\/\/www.best-dentist-dentistry.com\/de\/wp-json\/wp\/v2\/categories?post=14443"},{"taxonomy":"post_tag","embeddable":true,"href":"https:\/\/www.best-dentist-dentistry.com\/de\/wp-json\/wp\/v2\/tags?post=14443"}],"curies":[{"name":"wp","href":"https:\/\/api.w.org\/{rel}","templated":true}]}}