{"id":14505,"date":"2012-09-05T02:33:45","date_gmt":"2012-09-05T02:33:45","guid":{"rendered":null},"modified":"-0001-11-30T00:00:00","modified_gmt":"-0001-11-30T00:00:00","slug":"the-architect-oscar-niemeyer-hospitalized-for-a-respiratory-infection","status":"publish","type":"post","link":"https:\/\/www.best-dentist-dentistry.com\/de\/the-architect-oscar-niemeyer-hospitalized-for-a-respiratory-infection\/14505","title":{"rendered":"Der Architekt, den Oscar Niemeyer f\u00fcr eine Infektion der Atemwege im Krankenhaus"},"content":{"rendered":"<p class=\"first\"> <span class=\"yshortcuts\" id=\"lw_1336066641_2\"> Rio De Janeiro<\/span>, 3. Mai (EFE).-der ber\u00fchmten brasilianische Architekten Oscar Niemeyer, der 104 Jahre alt, ist in Rio De Janeiro durch eine Infektion der Atemwege ins Krankenhaus eingeliefert, sagte heute das medizinische Zentrum, wo er aufgenommen wurde.<\/p>\n<p>Niemeyer wurde in Rio De Janeiro Samariter Krankenhaus mit der Diagnose einer Lungenentz\u00fcndung und Dehydrierung, nach einem heute ver\u00f6ffentlichten medizinischen Bericht \u00fcber Nacht Mittwoch aufgenommen.<\/p>\n<p>\u00c4rzte haben verordnet ihm Antibiotika und Serum zu rehydrieren, das Sie durch eine Vene im Semi-Intensive Krankenhaus bereitgestellt werden Testorganisationseinheit Pflege<\/p>\n<p>Der Architekt ist lucid, nat\u00fcrlich atmen und sein Zustand ist stabil, obwohl Nachfrage Pflege, nach dem Dokument von Arzt Fernando Gjorup unterzeichnet.<\/p>\n<p>Der Staat gegeben, der Gesundheit von Niemeyer, das medizinische Team Behandlung Pl\u00e4ne das n\u00e4chste medizinische Bulletin ver\u00f6ffentlichen Morgen, Freitag.<\/p>\n<p>Ana Lucia Niemeyer, Tochter des Architekten, lokale Medien sagte Mittwoch, die der Gesundheitszustand seines Vaters war nicht ernst und das war wegen einer Grippe.<\/p>\n<p>Niemeyer ist international bekannt als Autor der Hauptgeb\u00e4ude in Brasilia, der Hauptstadt des Landes von Kratz- und er\u00f6ffnete im Jahr 1960 entwickelt und Dutzende anderer St\u00e4dte in der Welt funktioniert.<\/p>\n<p>War das letzte Mal, das Niemeyer im April 2010 hospitalisiert werden musste, wann er erlitt eine urinausscheidende Fl\u00e4che Infektion und 12 Tage im Krankenhaus verbracht.<\/p>\n","protected":false},"excerpt":{"rendered":"<p>Rio De Janeiro, 3. Mai (EFE).-der ber\u00fchmten brasilianische Architekten Oscar Niemeyer, der 104 Jahre alt, ist in Rio De Janeiro durch eine Infektion der Atemwege ins Krankenhaus eingeliefert, sagte heute das medizinische Zentrum, wo er aufgenommen wurde. Niemeyer wurde in Rio De Janeiro Samariter Krankenhaus mit der Diagnose einer Lungenentz\u00fcndung und Dehydrierung, nach einem heute [&hellip;]<\/p>\n","protected":false},"author":1,"featured_media":0,"comment_status":"close","ping_status":"open","sticky":false,"template":"","format":"standard","meta":{"footnotes":""},"categories":[3],"tags":[25669,25668],"class_list":["post-14505","post","type-post","status-publish","format-standard","hentry","category-allgemeine","tag-architekt","tag-indispuestos","et-doesnt-have-format-content","et_post_format-et-post-format-standard"],"_links":{"self":[{"href":"https:\/\/www.best-dentist-dentistry.com\/de\/wp-json\/wp\/v2\/posts\/14505","targetHints":{"allow":["GET"]}}],"collection":[{"href":"https:\/\/www.best-dentist-dentistry.com\/de\/wp-json\/wp\/v2\/posts"}],"about":[{"href":"https:\/\/www.best-dentist-dentistry.com\/de\/wp-json\/wp\/v2\/types\/post"}],"author":[{"embeddable":true,"href":"https:\/\/www.best-dentist-dentistry.com\/de\/wp-json\/wp\/v2\/users\/1"}],"replies":[{"embeddable":true,"href":"https:\/\/www.best-dentist-dentistry.com\/de\/wp-json\/wp\/v2\/comments?post=14505"}],"version-history":[{"count":0,"href":"https:\/\/www.best-dentist-dentistry.com\/de\/wp-json\/wp\/v2\/posts\/14505\/revisions"}],"wp:attachment":[{"href":"https:\/\/www.best-dentist-dentistry.com\/de\/wp-json\/wp\/v2\/media?parent=14505"}],"wp:term":[{"taxonomy":"category","embeddable":true,"href":"https:\/\/www.best-dentist-dentistry.com\/de\/wp-json\/wp\/v2\/categories?post=14505"},{"taxonomy":"post_tag","embeddable":true,"href":"https:\/\/www.best-dentist-dentistry.com\/de\/wp-json\/wp\/v2\/tags?post=14505"}],"curies":[{"name":"wp","href":"https:\/\/api.w.org\/{rel}","templated":true}]}}