{"id":14542,"date":"2012-09-05T02:38:58","date_gmt":"2012-09-05T02:38:58","guid":{"rendered":null},"modified":"-0001-11-30T00:00:00","modified_gmt":"-0001-11-30T00:00:00","slug":"a-reference-to-villalobos-a-machismo-generates-an-anger-in-congress","status":"publish","type":"post","link":"https:\/\/www.best-dentist-dentistry.com\/de\/a-reference-to-villalobos-a-machismo-generates-an-anger-in-congress\/14542","title":{"rendered":"Ein Verweis auf Villalobos ein Macho generiert eine Wut im Kongress"},"content":{"rendered":"<p class=\"first\"> Madrid, 17. Mai (EFE).-eine Kreuzung von Kritik und Entschuldigungen hat die Debatte im Kongress auf Gesundheitsreform Gef\u00fchl Hinweis der Stellvertreter der PSOE, Jos\u00e9 Mart\u00ednez Olmos durch den Vizepr\u00e4sidenten des Kongresses, Celia Villalobos, wer die &#8220;\u00fcberm\u00e4\u00dfig sexistischen reden von M\u00e4nnern&#8221; kritisiert hat spritzte.<\/p>\n<p>W\u00e4hrend der Validierung des Real Decreto legislativo Sostenilibidad des Gesundheitssystems, der Minister f\u00fcr Gesundheit, soziale Dienste und Geschlechter, Ana Mato, hat gestanden, Gef\u00fchl ver\u00e4rgert durch den Ton der Intervention von Mart\u00ednez Olmos, die seiner &#8220;Inkompetenz&#8221; als Leiter dieser Abteilung denunziert.<\/p>\n<p>Mato hat darauf hingewiesen, dass es &#8220;wesentlich, den politischen Gegner zu respektieren&#8221; und bedauerte, dass einige &#8220;wei\u00df nicht, werden zu diesem Anlass zu steigen&#8221;.<\/p>\n<p>&#8220;Du bist ein Lehrer in Demagogie, aber der schlechteste Sch\u00fcler was bezieht sich auf die Behandlung von Personen und zeigt es jedesmal, wenn Sie scheinen in diesem Haus&#8221;, bedauert Mato.<\/p>\n<p>Ihrerseits hat der sozialistische F\u00fchrer, rechtfertigt die richtige Tonfall ihrer Kritik des Ministers, dass die eigenen Villalobos nicht Sie zu irgendeinem Zeitpunkt w\u00e4hrend seiner Rede hingewiesen hatte.<\/p>\n<p>&#8220;Ich nicht erlaubt um zu sagen, dass ich es versucht habe, ohne Respekt;&#8221; \u00abhast getan eine Kritik an seiner Inkompetenz als Minister f\u00fcr Gesundheit, denn es die Gesundheit der Spanier schadet\u00bb, sagte Martinez Olmos.<\/p>\n<p>Auf diese Worte geantwortet hat der Vizepr\u00e4sident des Kongresses, wer die Diskussion moderiert, nach dem h\u00f6ren auf die Proteste einiger Mitglieder des die PP.<\/p>\n<p>&#8220;Herr Martinez, bin zutiefst respektvoll mit den Ansichten von jeder in diesem Haus;&#8221; &#8220;es f\u00fcnfundzwanzig Jahre, ich mag oder nicht, wie mir scheinen mir \u00fcberm\u00e4\u00dfig macho einige reden, dass einige M\u00e4nner in diesem Haus tun&#8221;, sagte Villalobos.<\/p>\n<p>Das Handgemenge wurde erweitert auf den B\u00e4nken beider Gruppen, um die Intervention der Generalsekret\u00e4re der beiden Parteien gef\u00fchrt hat, die Positionen ihrer jeweiligen F\u00fchrer zu verteidigen.<\/p>\n<p>, Villalobos hat Mart\u00ednez Olmos um Vergebung, zu Fragen, ob &#8220;die sexistische beleidigt worden hatte&#8221; heran und dieser Ausdruck entfernt.<\/p>\n<p>Die Kontroverse \u00fcber soziale Netzwerke, ausgebreitet hat, da es viele Mitglieder auf Twitter verbreitet haben.<\/p>\n","protected":false},"excerpt":{"rendered":"<p>Madrid, 17. Mai (EFE).-eine Kreuzung von Kritik und Entschuldigungen hat die Debatte im Kongress auf Gesundheitsreform Gef\u00fchl Hinweis der Stellvertreter der PSOE, Jos\u00e9 Mart\u00ednez Olmos durch den Vizepr\u00e4sidenten des Kongresses, Celia Villalobos, wer die &#8220;\u00fcberm\u00e4\u00dfig sexistischen reden von M\u00e4nnern&#8221; kritisiert hat spritzte. W\u00e4hrend der Validierung des Real Decreto legislativo Sostenilibidad des Gesundheitssystems, der Minister f\u00fcr [&hellip;]<\/p>\n","protected":false},"author":1,"featured_media":0,"comment_status":"close","ping_status":"open","sticky":false,"template":"","format":"standard","meta":{"footnotes":""},"categories":[3],"tags":[25718,25719],"class_list":["post-14542","post","type-post","status-publish","format-standard","hentry","category-allgemeine","tag-krankenversicherungskarte","tag-villalobos","et-doesnt-have-format-content","et_post_format-et-post-format-standard"],"_links":{"self":[{"href":"https:\/\/www.best-dentist-dentistry.com\/de\/wp-json\/wp\/v2\/posts\/14542","targetHints":{"allow":["GET"]}}],"collection":[{"href":"https:\/\/www.best-dentist-dentistry.com\/de\/wp-json\/wp\/v2\/posts"}],"about":[{"href":"https:\/\/www.best-dentist-dentistry.com\/de\/wp-json\/wp\/v2\/types\/post"}],"author":[{"embeddable":true,"href":"https:\/\/www.best-dentist-dentistry.com\/de\/wp-json\/wp\/v2\/users\/1"}],"replies":[{"embeddable":true,"href":"https:\/\/www.best-dentist-dentistry.com\/de\/wp-json\/wp\/v2\/comments?post=14542"}],"version-history":[{"count":0,"href":"https:\/\/www.best-dentist-dentistry.com\/de\/wp-json\/wp\/v2\/posts\/14542\/revisions"}],"wp:attachment":[{"href":"https:\/\/www.best-dentist-dentistry.com\/de\/wp-json\/wp\/v2\/media?parent=14542"}],"wp:term":[{"taxonomy":"category","embeddable":true,"href":"https:\/\/www.best-dentist-dentistry.com\/de\/wp-json\/wp\/v2\/categories?post=14542"},{"taxonomy":"post_tag","embeddable":true,"href":"https:\/\/www.best-dentist-dentistry.com\/de\/wp-json\/wp\/v2\/tags?post=14542"}],"curies":[{"name":"wp","href":"https:\/\/api.w.org\/{rel}","templated":true}]}}