{"id":14543,"date":"2012-09-05T02:39:02","date_gmt":"2012-09-05T02:39:02","guid":{"rendered":null},"modified":"-0001-11-30T00:00:00","modified_gmt":"-0001-11-30T00:00:00","slug":"basque-government-guarantee-access-to-health-groups-that-are-excluded-by-cuts","status":"publish","type":"post","link":"https:\/\/www.best-dentist-dentistry.com\/de\/basque-government-guarantee-access-to-health-groups-that-are-excluded-by-cuts\/14543","title":{"rendered":"Baskische Regierung Garantie Zugang zu Gesundheit Gruppen, die durch Schnitte ausgeschlossen werden"},"content":{"rendered":"<p class=\"first\"> Osalde, die Gesellschaft f\u00fcr das Recht auf Gesundheit, &#8220;die Ethik Konsultation Einwand&#8221; auf das <span class=\"yshortcuts\" id=\"lw_1337275726_5\"> K\u00f6nigliche Dekret<\/span> der <span class=\"yshortcuts\" id=\"lw_1337275726_2\"> Gesundheit<\/span> ausgel\u00f6st<\/p>\n<p>BILBAO, 17 (EUROPA PRESS)<\/p>\n<p>Die <span class=\"yshortcuts\" id=\"lw_1337275726_7\"> Baskische Regierung<\/span> wird daf\u00fcr sorgen, im Rahmen der <span class=\"yshortcuts\" id=\"lw_1337275726_3\"> Autonomiestatut<\/span>, Gesundheitswesen Qualit\u00e4t in gleich Bedingungen f\u00fcr den Zugang zu diesen Gruppen, die nach der Verabschiedung von der Real Decreto legislativo 16\/2012 durch das Abgeordnetenhaus, ist von der Berichterstattung \u00fcber Pflege, ausgeschlossen, als der stellvertretende Minister f\u00fcr Gesundheit, Jesus Maria Fernandez gew\u00e4hrleistet.<\/p>\n<p>Fernandez traf Donnerstag in Bilbao mit Vertretern der verschiedenen Gruppen (Einwanderer, junge Menschen mit Behinderungen, Frauen und chronisch kranke) sehen konnte, die ihre Rechte durch Bestimmungen des k\u00f6niglichen Erlass des Ministeriums f\u00fcr Gesundheit, die K\u00fcrzungen im Gesundheitswesen umfasst, woraufhin auf einer Pressekonferenz, zusammen mit dem Direktor des Emakunde erschienen ist zugeschnittenMary Sylvester, zu allen Personen im Baskenland &#8220;universal&#8221; Gesundheitsversorgung Abdeckung anvertrauen.<\/p>\n<p>Fernandez hat eine institutionelle Erkl\u00e4rung, die behauptet, dass unter dem Deckmantel der &#8220;Sicherung der Nachhaltigkeit des nationalen Gesundheitssystems&#8221;, k\u00f6nigliches Dekret am Donnerstag dieser Woche angenommen &#8220;eingeschr\u00e4nkte medizinische Versorgung f\u00fcr eine Vielzahl von Gruppen, wie junge Menschen im Alter von 26 Jahren behinderte Personen weniger als 65 Prozent, Einwanderer in irregul\u00e4rer Situation oder Exconyuges, die keine versichert ist&#8221; gelesen.<\/p>\n<p>Diese Gruppen erinnert an den Text, tr\u00e4gt durch die Zahlung der entsprechenden Leistungen, wenn sie Zugang zum Gesundheitsschutz wollen.<\/p>\n<p>Die baskische Regierung weiterhin die Anweisung, &#8220;ist sich der Bedeutung der Haushaltskonsolidierung Durchf\u00fchrungsma\u00dfnahmen, aber akzeptiert nicht, dass dies auf Kosten der Zugang zu wesentlichen \u00f6ffentlichen Dienstleistungen einen Beitrag zum sozialen Zusammenhalt und Achtung der Rechte und der w\u00fcrde von Menschen zu untergraben&#8221;.<\/p>\n<p>Darum, f\u00fcgt hinzu: &#8220;Wir garantieren, dass im Rahmen der durch das Autonomiestatut angeboten wir nicht, einen Schritt zur\u00fcck in die Garantie dieser Rechte&#8221; und &#8220;alle Leute im Baskenland werden wir weiterhin hochwertigen Gesundheitsversorgung zu gleichen Bedingungen in ihren Zugang zu haben&#8221;.<\/p>\n<p>The Deputy Minister betonte das Engagement der baskischen Regierung &#8220;health care Berichterstattung \u00fcber das gesamte Portfolio der Dienstleistungen&#8221; hat und darauf hingewiesen, dass, &#8220;eine andere Sache ist, dass die Krankenversicherungskarte, die wir diesen Menschen geben, die aus Royal mit Gesetzeskraft sind ist eine g\u00fcltige Karte au\u00dferhalb Osakidetza, logisch dort sind wir unter den Rechtsrahmen Spanisch und haben keine M\u00f6glichkeit, \u00fcber unsere eigenen Grenzen hinauszugehen&#8221;.<\/p>\n<p>Daten<\/p>\n<p>Fernandez wies darauf hin, dass im Baskenland gibt es 22.000 registrierten Ausl\u00e4nder, die keine Aufenthaltsbewilligung, also mit k\u00f6niglichen Erlass von Gesundheitsversorgung ausgeschlossen w\u00fcrde haben.<\/p>\n<p>Darauf hingewiesen, dass dieses Dekret wirkt sich auch auf andere Gruppen, wie all diejenigen, die nicht zur Sozialversicherung sind oder sie in der Vergangenheit waren, aber sie arbeitslos sind, sie haben keine dritte Partei Beg\u00fcnstigten Status, diejenigen unter 26 Jahren, f\u00fcr diejenigen, die keinem Invalidit\u00e4tsgrad von mehr als 65 Prozent haben. Eine andere Gruppe betroffen, hat darauf hingewiesen, ist die geschiedene Leute oder Trennung Prozess, nicht nie beigetragen haben und haben keinen Zugang zu ihren ersten Job.<\/p>\n<p>Fern\u00e1ndez hat erkl\u00e4rt, nach Lanbide-Datenbank gibt es 21.500 Menschen Nachfrage nach ihren ersten Job, von dem 13.500 \u00fcber 26 Jahre alt sind. Auch sind dort 800 Menschen geschieden oder in einer Situation der ehelichen Lebensgemeinschaft, dass ihre erste Arbeitsstelle auch gefordert. Sie schlossen sich 3.500 Bewerber seine erste Arbeit, die ein gewisses Ma\u00df an Behinderung und wer haben Besch\u00e4ftigung nicht zuvor zugegriffen.<\/p>\n<p>Hat daher gewarnt, &#8220;Wir reden hier \u00fcber Tausende von Menschen, sondern die nur einen Teil der Gesellschaft widerspiegeln, denn sie sind diejenigen, die mit der Besch\u00e4ftigung Nachfrage registriert sind und es viele g\u00e4be mehr von diesen verschiedenen Gruppen, die aus Gr\u00fcnden, die nicht einmal in Lanbide als Arbeitssuchende registriert sind&#8221;.<\/p>\n<p>Fern\u00e1ndez kritisierte auch, dass es ist &#8220;verwirrend \u00d6ffentlichkeit zu rechtfertigen diese Ausschl\u00fcsse der Gesundheit care&#8221; behauptet, dass &#8220;ist ein Gesundheits-Tourismus des Europ\u00e4ischen Menschen oder nicht, die kommen nach Spanien, um die Gesundheitsversorgung, erhalten, wenn sie durch soziale Sicherheit in Ihrem Land erfasst sind&#8221;, wenn die L\u00f6sung in diesem Fall ist &#8220;sehr einfach: Verbesserung der Systeme der Informations- und Abrechnung der autonomen Gemeinschaften f\u00fcr diese Dienste kostenlos&#8221;.<\/p>\n<p>Hat auch zensiert wird argumentiert, die ausl\u00e4ndischen B\u00fcrger tun &#8220;Use and Abuse of die oberste spanische B\u00fcrger-Gesundheitsversorgung&#8221;, wenn, nach Daten, die angegeben wurde, die zugewanderten Bev\u00f6lkerung &#8220;6,4 mal Jahr besucht im Durchschnitt zu den Zentren der Gesundheit, von 11,1 Zeiten f\u00fcr spanische B\u00fcrger und Einwanderer-Konto f\u00fcr Konsum von B\u00fcrgern Ausl\u00e4nder 96,5 Euro pro Jahr und der Spanier ist&#8221; &#8220;von 446 EUR&#8221;.<\/p>\n<p>Fernandez hat erkannt, dass &#8220;der einzige Punkt der Pflege wo eine st\u00e4rkere Nutzung von Gesundheitsdienstleistungen von ausl\u00e4ndischen Staatsangeh\u00f6rigen ist bei Notf\u00e4llen, 16 Prozent mehr&#8221;.<\/p>\n<p>Seiner Ansicht wird die Durchf\u00fchrung der k\u00f6niglichen Erlass einer &#8220;\u00dcberbeanspruchung von Notf\u00e4llen durch ausl\u00e4ndische B\u00fcrger, dass nur Gesundheitsversorgung Abdeckung, die sie zu bewahren, die Versorgung im Notfall wird mit den Problemen, dass diese schlechter Kontrolle von Krankheiten der S\u00e4ttigung von Notf\u00e4llen und h\u00f6here Kosten f\u00fcr die Bereitstellung von Gesundheitsdiensten f\u00fcr diese Population generiert&#8221; produzieren.<\/p>\n<p>&#8220;Einwand Ethik&#8221;<\/p>\n<p>Auf der anderen Seite, der Pr\u00e4sident der Osalde (Verein f\u00fcr das Recht auf Gesundheit), Juan Luis Ur\u00eda, erkl\u00e4rte, dass aus Osalde sie verschiedene Berufsgruppen ausl\u00f6sen &#8220;in festen ethischen Einw\u00e4nde gegen Konsultationen&#8221; auf das K\u00f6nigliche Dekret von Gesundheit gefordert haben.<\/p>\n<p>&#8220;Pass was passiert auf der institutionellen Ebene, garantieren oder ist nicht unbedingt auf der institutionellen Ebene, Berufsgruppen mit normalen Arztkonsultation Humanismus und gemeinsame Ethik der Arbeit in den Gesundheitszentren, Kliniken und Osakidetza Krankenh\u00e4user arbeiten m\u00fcssen&#8221;, sagte.<\/p>\n<p>Hat In diesem Zusammenhang darauf hingewiesen, dass sie haben bereits positioniert sich zugunsten dieser &#8220;Einwand ethische, unter anderem f\u00fcr Familie Medizin, Osalde und dem Verband der Gemeinschaft Krankenpflege.&#8221; Auch so diskutiert dieser Einwand an den Hochschulen von \u00c4rzten, Apothekern, Physiotherapeuten oder Krankenschwestern.<\/p>\n","protected":false},"excerpt":{"rendered":"<p>Osalde, die Gesellschaft f\u00fcr das Recht auf Gesundheit, &#8220;die Ethik Konsultation Einwand&#8221; auf das K\u00f6nigliche Dekret der Gesundheit ausgel\u00f6st BILBAO, 17 (EUROPA PRESS) Die Baskische Regierung wird daf\u00fcr sorgen, im Rahmen der Autonomiestatut, Gesundheitswesen Qualit\u00e4t in gleich Bedingungen f\u00fcr den Zugang zu diesen Gruppen, die nach der Verabschiedung von der Real Decreto legislativo 16\/2012 durch [&hellip;]<\/p>\n","protected":false},"author":1,"featured_media":0,"comment_status":"close","ping_status":"open","sticky":false,"template":"","format":"standard","meta":{"footnotes":""},"categories":[3],"tags":[25720,25719],"class_list":["post-14543","post","type-post","status-publish","format-standard","hentry","category-allgemeine","tag-gesundheit-gruppen","tag-villalobos","et-doesnt-have-format-content","et_post_format-et-post-format-standard"],"_links":{"self":[{"href":"https:\/\/www.best-dentist-dentistry.com\/de\/wp-json\/wp\/v2\/posts\/14543","targetHints":{"allow":["GET"]}}],"collection":[{"href":"https:\/\/www.best-dentist-dentistry.com\/de\/wp-json\/wp\/v2\/posts"}],"about":[{"href":"https:\/\/www.best-dentist-dentistry.com\/de\/wp-json\/wp\/v2\/types\/post"}],"author":[{"embeddable":true,"href":"https:\/\/www.best-dentist-dentistry.com\/de\/wp-json\/wp\/v2\/users\/1"}],"replies":[{"embeddable":true,"href":"https:\/\/www.best-dentist-dentistry.com\/de\/wp-json\/wp\/v2\/comments?post=14543"}],"version-history":[{"count":0,"href":"https:\/\/www.best-dentist-dentistry.com\/de\/wp-json\/wp\/v2\/posts\/14543\/revisions"}],"wp:attachment":[{"href":"https:\/\/www.best-dentist-dentistry.com\/de\/wp-json\/wp\/v2\/media?parent=14543"}],"wp:term":[{"taxonomy":"category","embeddable":true,"href":"https:\/\/www.best-dentist-dentistry.com\/de\/wp-json\/wp\/v2\/categories?post=14543"},{"taxonomy":"post_tag","embeddable":true,"href":"https:\/\/www.best-dentist-dentistry.com\/de\/wp-json\/wp\/v2\/tags?post=14543"}],"curies":[{"name":"wp","href":"https:\/\/api.w.org\/{rel}","templated":true}]}}