{"id":14625,"date":"2012-09-05T03:04:17","date_gmt":"2012-09-05T03:04:17","guid":{"rendered":null},"modified":"-0001-11-30T00:00:00","modified_gmt":"-0001-11-30T00:00:00","slug":"doctors-of-the-world-said-that-it-has-no-means-to-attend-without-papers","status":"publish","type":"post","link":"https:\/\/www.best-dentist-dentistry.com\/de\/doctors-of-the-world-said-that-it-has-no-means-to-attend-without-papers\/14625","title":{"rendered":"doctors of the world said that it has no means to attend without papers"},"content":{"rendered":"<p class=\"first\"> Valencia, 29 Aug (EFE).-der Regionalsekret\u00e4r von \u00c4rzte der Welt der Comunitat Valenciana, Julian Monle\u00f3n, sagte heute, dass diese NGO hat keineswegs genug um fast 30.000 irregul\u00e4rer Einwanderer dienen, die in diese Autonomie gibt, dass die Krankenversicherungskarte ab September zur\u00fcckgezogen wird.<\/p>\n<p>Monle\u00f3n hat so genannten Anweisungen, die der Minister f\u00fcr Gesundheit Valencia, Luis Rosado, gestern behauptete, dass die NRO sollten tragen die Kosten f\u00fcr die Teilnahme an der &#8220;sans Papiers&#8221;.<\/p>\n<p>Reaktion auf die Kritik von \u00c4rzte der Welt, der Stadtr\u00e4tin f\u00fcr Gesundheit Quellen von EFE konsultiert berichtet, dass &#8220;diese Gesundheitsversorgung nicht der NGOs oder karitativen getragen werden&#8221;, dieser Abteilung wird Vereinbarungen mit ihnen etablieren, so dass &#8220;unregelm\u00e4\u00dfig und Personen ohne Ressourcen, deren gesundheitliche Situation es erfordert, unterst\u00fctzt werden k\u00f6nnen&#8221;.<\/p>\n<p>Pointed aus Gesundheit haben, jedoch, dass die Tatsache, dass diese Menschen unterst\u00fctzt werden, k\u00f6nnen daher nicht &#8220;ein Recht auf Gesundheit&#8221; generiert wird.<\/p>\n<p>Verantwortlich f\u00fcr \u00c4rzte der Welt, f\u00fcr seinen Teil, kritisierte Aussagen zu EFE, die die Abteilung der Gesundheit nicht informiert, dass Rosado gestern sagte gewidmet karitativen Einrichtungen und Umgang mit Tierschutz w\u00e4re verantwortlich f\u00fcr die Teilnahme an der &#8220;sans Papiers&#8221;.<\/p>\n<p>&#8220;Haben nicht zu treffen, um die 30.000 betroffenen fast die k\u00f6nnte in der Region, und unter keinen Umst\u00e4nden sind diese vorteilhafte Position nehmen, die wir mit Verantwortung nicht bieten konnte und unbesch\u00e4digt Gesundheitswesen Struktur&#8221;, hat behauptet Monle\u00f3n.<\/p>\n<p>F\u00fcr Monle\u00f3n, ist &#8220;extravagant&#8221; jemand mit politischer Verantwortung &#8220;aufgeben ihrer Verantwortung und leiten sie an karitative Einrichtungen und NGOs&#8221;.<\/p>\n<p>Seiner Meinung nach das Dekret, das dem R\u00fcckzug der Gesundheitskarte f\u00fcr Einwanderer in einer regelwidrigen Lage reguliert &#8220;schneiden das Recht von Menschen ohne Papiere f\u00fcr die Gesundheit und vielleicht mittelfristig, beeinflussen den Rest der Bev\u00f6lkerung&#8221;, hingewiesen.<\/p>\n<p>Quellen im Ministerium f\u00fcr Gesundheit haben erkl\u00e4rt worden, mit dem Inkrafttreten dieser Ma\u00dfnahme werden diese Gesundheitsversorgung &#8220;nicht zu Lasten der NRO gemeinn\u00fctzige&#8221; dass die Generalitat &#8220;einschl\u00e4gige Abkommen mit diesen Organisationen&#8221; einrichten, zu wissen, was ihre Bed\u00fcrfnisse sind.<\/p>\n<p>F\u00fcr chronisch Kranke, denselben Quellen haben erkl\u00e4rt, dass es notwendig, da bisher f\u00fcr ungesch\u00fctzte Gruppen, Vereinbarungen mit Gesundheit oder anderen Regierungsstellen oder nicht, unterzeichnen die Ermittlung dieser Gruppen werden die &#8220;in keinen Fall Urlaub von unterst\u00fctzt werden&#8221;.<\/p>\n<p>Gibt es ein Datum f\u00fcr seine Unterschrift aber bereits arbeiten mit verschiedenen Organisationen und soziale Wohlfahrt f\u00fcr die Umsetzung im Gange, gesichert haben.<\/p>\n<p>Gesundheit argumentiert, dass diese Abkommen &#8220;nicht beeinflussen auf Hilfe, sondern auf die klinische Kontrolle und Beihilfen, die vereinbarte erg\u00e4nzende Hilfe&#8221;.<\/p>\n<p>Von der Abteilung auch hat darauf bestanden, dass ab 1. September &#8220;niemand nicht mehr unterst\u00fctzt wird und daher \u00c4rzte und Krankenschwestern nicht die Art und Weise \u00e4ndert, sie zu besuchen&#8221;.<\/p>\n","protected":false},"excerpt":{"rendered":"<p>Valencia, 29 Aug (EFE).-der Regionalsekret\u00e4r von \u00c4rzte der Welt der Comunitat Valenciana, Julian Monle\u00f3n, sagte heute, dass diese NGO hat keineswegs genug um fast 30.000 irregul\u00e4rer Einwanderer dienen, die in diese Autonomie gibt, dass die Krankenversicherungskarte ab September zur\u00fcckgezogen wird. Monle\u00f3n hat so genannten Anweisungen, die der Minister f\u00fcr Gesundheit Valencia, Luis Rosado, gestern behauptete, [&hellip;]<\/p>\n","protected":false},"author":1,"featured_media":0,"comment_status":"close","ping_status":"open","sticky":false,"template":"","format":"standard","meta":{"footnotes":""},"categories":[3],"tags":[],"class_list":["post-14625","post","type-post","status-publish","format-standard","hentry","category-allgemeine","et-doesnt-have-format-content","et_post_format-et-post-format-standard"],"_links":{"self":[{"href":"https:\/\/www.best-dentist-dentistry.com\/de\/wp-json\/wp\/v2\/posts\/14625","targetHints":{"allow":["GET"]}}],"collection":[{"href":"https:\/\/www.best-dentist-dentistry.com\/de\/wp-json\/wp\/v2\/posts"}],"about":[{"href":"https:\/\/www.best-dentist-dentistry.com\/de\/wp-json\/wp\/v2\/types\/post"}],"author":[{"embeddable":true,"href":"https:\/\/www.best-dentist-dentistry.com\/de\/wp-json\/wp\/v2\/users\/1"}],"replies":[{"embeddable":true,"href":"https:\/\/www.best-dentist-dentistry.com\/de\/wp-json\/wp\/v2\/comments?post=14625"}],"version-history":[{"count":0,"href":"https:\/\/www.best-dentist-dentistry.com\/de\/wp-json\/wp\/v2\/posts\/14625\/revisions"}],"wp:attachment":[{"href":"https:\/\/www.best-dentist-dentistry.com\/de\/wp-json\/wp\/v2\/media?parent=14625"}],"wp:term":[{"taxonomy":"category","embeddable":true,"href":"https:\/\/www.best-dentist-dentistry.com\/de\/wp-json\/wp\/v2\/categories?post=14625"},{"taxonomy":"post_tag","embeddable":true,"href":"https:\/\/www.best-dentist-dentistry.com\/de\/wp-json\/wp\/v2\/tags?post=14625"}],"curies":[{"name":"wp","href":"https:\/\/api.w.org\/{rel}","templated":true}]}}