{"id":14667,"date":"2012-09-06T02:33:20","date_gmt":"2012-09-06T02:33:20","guid":{"rendered":null},"modified":"-0001-11-30T00:00:00","modified_gmt":"-0001-11-30T00:00:00","slug":"mato-is-committed-to-redirect-the-situation-of-doctors-and-nurses-after-the-cut-in-health","status":"publish","type":"post","link":"https:\/\/www.best-dentist-dentistry.com\/de\/mato-is-committed-to-redirect-the-situation-of-doctors-and-nurses-after-the-cut-in-health\/14667","title":{"rendered":"Mato engagiert sich die Situation von \u00c4rzten und Krankenschwestern nach dem Schnitt im Gesundheitswesen &#8220;umleiten&#8221;"},"content":{"rendered":"<p class=\"first\"> MADRID, 8 (EUROPA PRESS)<\/p>\n<p>Der Minister f\u00fcr Gesundheit, Ana Mato, engagiert sich f\u00fcr &#8220;umleiten&#8221; die Situation von \u00c4rzten und Krankenschwestern nach der Real Decreto auf Ma\u00dfnahmen zur Sicherstellung der Nachhaltigkeit des nationalen Gesundheitssystems, wie von der Generalrat Nursing berichtet.<\/p>\n<p>Mato zitiert des Sektors nach der Gr\u00fcndung Dienstag von einem gemeinsamen Krise Schrank, komponiert von der Generalrat der offiziellen Colleges der \u00c4rzte und der allgemeinen Krankenpflege Rat analysieren den Inhalt und Umfang der Integration der Personalreferent &#8211; \u00c4rzte, \u00c4rzte und Hebammen Schlagzeilen Healthcare-R\u00e4umlichkeiten-im Dienste der Volksgesundheit Institutionenvon der Regierung in das Real Decreto auf Ma\u00dfnahmen zur Sicherstellung der Nachhaltigkeit des nationalen Gesundheitssystems gegr\u00fcndet. <\/p>\n<p>Im einzelnen hat der Minister ein Treffen mit dem Pr\u00e4sidenten des Rates f\u00fcr Allgemeine Krankenpflege Spaniens, maximale Gonz\u00e1lez-Jury statt. Nach dieser Agentur Mato wurde reagiert und die Argumente verstanden hat. <\/p>\n<p>&#8220;Hat sich verpflichtet, die Situation durch den derzeitigen Wortlaut dieses k\u00f6niglichen Dekrets, zeigen seine volle Bereitschaft weiterhin die Rechte erworben durch professionelle \u00c4rzte und Krankenschwestern, die ernsthaft beeintr\u00e4chtigt durch diese neue Verordnung des Ministeriums erstellt umleiten&#8221;, er hat diesen Rat in einer Anweisung ausf\u00fchrliche.<\/p>\n<p>In diesem Sinne Freitag 11. Mai wird voraussichtlich ein Treffen mit der Teilnahme des Ministers f\u00fcr Gesundheit, Soziales und Chancengleichheit und die Pr\u00e4sidenten der allgemeine Ratschl\u00e4ge von \u00c4rzten und Krankenschwestern behandeln zu finanzieren, dieses Thema und andere von gro\u00dfer Bedeutung f\u00fcr die Patienten, B\u00fcrger und Gesundheitsberufe.<\/p>\n","protected":false},"excerpt":{"rendered":"<p>MADRID, 8 (EUROPA PRESS) Der Minister f\u00fcr Gesundheit, Ana Mato, engagiert sich f\u00fcr &#8220;umleiten&#8221; die Situation von \u00c4rzten und Krankenschwestern nach der Real Decreto auf Ma\u00dfnahmen zur Sicherstellung der Nachhaltigkeit des nationalen Gesundheitssystems, wie von der Generalrat Nursing berichtet. Mato zitiert des Sektors nach der Gr\u00fcndung Dienstag von einem gemeinsamen Krise Schrank, komponiert von der [&hellip;]<\/p>\n","protected":false},"author":1,"featured_media":0,"comment_status":"close","ping_status":"open","sticky":false,"template":"","format":"standard","meta":{"footnotes":""},"categories":[3],"tags":[25862],"class_list":["post-14667","post","type-post","status-publish","format-standard","hentry","category-allgemeine","tag-verlangt","et-doesnt-have-format-content","et_post_format-et-post-format-standard"],"_links":{"self":[{"href":"https:\/\/www.best-dentist-dentistry.com\/de\/wp-json\/wp\/v2\/posts\/14667","targetHints":{"allow":["GET"]}}],"collection":[{"href":"https:\/\/www.best-dentist-dentistry.com\/de\/wp-json\/wp\/v2\/posts"}],"about":[{"href":"https:\/\/www.best-dentist-dentistry.com\/de\/wp-json\/wp\/v2\/types\/post"}],"author":[{"embeddable":true,"href":"https:\/\/www.best-dentist-dentistry.com\/de\/wp-json\/wp\/v2\/users\/1"}],"replies":[{"embeddable":true,"href":"https:\/\/www.best-dentist-dentistry.com\/de\/wp-json\/wp\/v2\/comments?post=14667"}],"version-history":[{"count":0,"href":"https:\/\/www.best-dentist-dentistry.com\/de\/wp-json\/wp\/v2\/posts\/14667\/revisions"}],"wp:attachment":[{"href":"https:\/\/www.best-dentist-dentistry.com\/de\/wp-json\/wp\/v2\/media?parent=14667"}],"wp:term":[{"taxonomy":"category","embeddable":true,"href":"https:\/\/www.best-dentist-dentistry.com\/de\/wp-json\/wp\/v2\/categories?post=14667"},{"taxonomy":"post_tag","embeddable":true,"href":"https:\/\/www.best-dentist-dentistry.com\/de\/wp-json\/wp\/v2\/tags?post=14667"}],"curies":[{"name":"wp","href":"https:\/\/api.w.org\/{rel}","templated":true}]}}