{"id":14697,"date":"2012-09-06T02:35:37","date_gmt":"2012-09-06T02:35:37","guid":{"rendered":null},"modified":"-0001-11-30T00:00:00","modified_gmt":"-0001-11-30T00:00:00","slug":"griaan-ensures-that-the-aforesaid-irregular-migrants-on-humanitarian-grounds-and-public-health","status":"publish","type":"post","link":"https:\/\/www.best-dentist-dentistry.com\/de\/griaan-ensures-that-the-aforesaid-irregular-migrants-on-humanitarian-grounds-and-public-health\/14697","title":{"rendered":"Gri\u00f1\u00e1n wird sichergestellt, dass die genannten irregul\u00e4ren Migranten &#8220;\u00fcber aus humanit\u00e4ren Gr\u00fcnden und \u00f6ffentliche Gesundheit&#8221;"},"content":{"rendered":"<p class=\"first\"> MALAGA, 10 (EUROPA PRESS)<\/p>\n<p><span class=\"yshortcuts\" id=\"lw_1336703519_1\"> Der Pr\u00e4sident von der Junta de Andaluc\u00eda<\/span>, Jos\u00e9 Antonio Gri\u00f1\u00e1n, hat daf\u00fcr gesorgt, dass Einwanderer in administrativen Situation unregelm\u00e4\u00dfig von die Autonome Gemeinschaft &#8220;aus humanit\u00e4ren Gr\u00fcnden und auch der \u00f6ffentlichen Gesundheit&#8221; dienen wird.<\/p>\n<p>Bei seinem Besuch in Malaga, wo mit der F\u00fchrung der andalusischen \u00f6ffentlichen Universit\u00e4ten 10 erf\u00fcllt, hat sich geweigert, lassen Sie diese Leute zu besuchen, da er sagte, noch ist es &#8220;verfassungsrechtlich&#8221; sein kann.<\/p>\n<p>a dies andere Gr\u00fcnde f\u00fcr humanit\u00e4re Hilfe und &#8220;Gesundheit&#8221; beigetreten, die Sie angegeben. &#8220;Wir bieten f\u00fcr Menschen, die Probleme bereiten k\u00f6nnen, wenn sie nicht erf\u00fcllt sind,&#8221; der Vorsitzende der Regionalregierung w\u00e4hrend seiner Rede gehalten hat.<\/p>\n<p>Gri\u00f1\u00e1n hat daher den Ausschluss von Einwanderern aus Gesundheitsversorgung gestellt von Real Decreto legislativo 16\/2012 der 20. April \u00fcber dringende Ma\u00dfnahmen gew\u00e4hrleistet die Nachhaltigkeit des \u00f6ffentlichen Gesundheitswesens und verbessert die Qualit\u00e4t und Sicherheit ihrer Auff\u00fchrung abgelehnt.<\/p>\n","protected":false},"excerpt":{"rendered":"<p>MALAGA, 10 (EUROPA PRESS) Der Pr\u00e4sident von der Junta de Andaluc\u00eda, Jos\u00e9 Antonio Gri\u00f1\u00e1n, hat daf\u00fcr gesorgt, dass Einwanderer in administrativen Situation unregelm\u00e4\u00dfig von die Autonome Gemeinschaft &#8220;aus humanit\u00e4ren Gr\u00fcnden und auch der \u00f6ffentlichen Gesundheit&#8221; dienen wird. Bei seinem Besuch in Malaga, wo mit der F\u00fchrung der andalusischen \u00f6ffentlichen Universit\u00e4ten 10 erf\u00fcllt, hat sich geweigert, [&hellip;]<\/p>\n","protected":false},"author":1,"featured_media":0,"comment_status":"close","ping_status":"open","sticky":false,"template":"","format":"standard","meta":{"footnotes":""},"categories":[3],"tags":[25891,25892],"class_list":["post-14697","post","type-post","status-publish","format-standard","hentry","category-allgemeine","tag-erwrmen","tag-genannten","et-doesnt-have-format-content","et_post_format-et-post-format-standard"],"_links":{"self":[{"href":"https:\/\/www.best-dentist-dentistry.com\/de\/wp-json\/wp\/v2\/posts\/14697","targetHints":{"allow":["GET"]}}],"collection":[{"href":"https:\/\/www.best-dentist-dentistry.com\/de\/wp-json\/wp\/v2\/posts"}],"about":[{"href":"https:\/\/www.best-dentist-dentistry.com\/de\/wp-json\/wp\/v2\/types\/post"}],"author":[{"embeddable":true,"href":"https:\/\/www.best-dentist-dentistry.com\/de\/wp-json\/wp\/v2\/users\/1"}],"replies":[{"embeddable":true,"href":"https:\/\/www.best-dentist-dentistry.com\/de\/wp-json\/wp\/v2\/comments?post=14697"}],"version-history":[{"count":0,"href":"https:\/\/www.best-dentist-dentistry.com\/de\/wp-json\/wp\/v2\/posts\/14697\/revisions"}],"wp:attachment":[{"href":"https:\/\/www.best-dentist-dentistry.com\/de\/wp-json\/wp\/v2\/media?parent=14697"}],"wp:term":[{"taxonomy":"category","embeddable":true,"href":"https:\/\/www.best-dentist-dentistry.com\/de\/wp-json\/wp\/v2\/categories?post=14697"},{"taxonomy":"post_tag","embeddable":true,"href":"https:\/\/www.best-dentist-dentistry.com\/de\/wp-json\/wp\/v2\/tags?post=14697"}],"curies":[{"name":"wp","href":"https:\/\/api.w.org\/{rel}","templated":true}]}}