{"id":14726,"date":"2012-09-06T02:38:09","date_gmt":"2012-09-06T02:38:09","guid":{"rendered":null},"modified":"-0001-11-30T00:00:00","modified_gmt":"-0001-11-30T00:00:00","slug":"health-fixes-the-article-royal-decree-that-endangered-the-acquired-rights-of-the-collective-health","status":"publish","type":"post","link":"https:\/\/www.best-dentist-dentistry.com\/de\/health-fixes-the-article-royal-decree-that-endangered-the-acquired-rights-of-the-collective-health\/14726","title":{"rendered":"Gesundheit behebt den Artikel k\u00f6nigliches Dekret, das die erworbenen Rechte der kollektive Gesundheit gef\u00e4hrdet"},"content":{"rendered":"<p class=\"first\"> MADRID, 16 (EUROPA PRESS)<\/p>\n<p>Das <span class=\"yshortcuts\" id=\"lw_1337154764_1\"> Ministerium f\u00fcr Gesundheit<\/span>, soziale Dienste und Gleichheit wurde korrigiert Fehler in den Artikeln \u00fcber das Real Decreto legislativo \u00fcber dringende Ma\u00dfnahmen zur Sicherstellung der Nachhaltigkeit des <span class=\"yshortcuts\" id=\"lw_1337154764_0\"> \u00f6ffentlichen Gesundheitswesens<\/span> (SNS) gef\u00e4hrdet die Rechte erworben durch die arbeitsrechtlichen Aus\u00fcbung von medizinischen <span class=\"yshortcuts\" id=\"lw_1337154764_8\"> Fachkr\u00e4ften<\/span> (\u00c4rzte, \u00c4rzte und Hebammen), also Erf\u00fcllung der Verpflichtung, die mit den Vorsitzenden der allgemeine Ratschl\u00e4ge von \u00c4rzten und Krankenschwestern.<\/p>\n<p>Berichtigung, ver\u00f6ffentlicht im Amtsblatt vom Dienstag Zustand und vereinbart zwischen Ministerium und die Pr\u00e4sidenten der allgemeine Ratschl\u00e4ge von \u00c4rzten und Krankenschwestern, kommt zur Sicherung Gesundheitsberufe hatten betroffene ihre Rechte konsolidiert, indem auch Ma\u00dfst\u00e4be gelten ab <span class=\"yshortcuts\" id=\"lw_1337154764_4\"> 31. Dezember<\/span> 2013.<\/p>\n<p>Das Dekret betroffen \u00c4rzte und Krankenschwestern (\u00c4rzte und Hebammen) Inhaber von lokalen Diensten, sofern von ihrer beruflichen T\u00e4tigkeit in <span class=\"yshortcuts\" id=\"lw_1337154764_3\"> Gesundheitsdiensten<\/span>, sowie der Rest der <span class=\"yshortcuts\" id=\"lw_1337154764_6\"> Bediensteten<\/span>, die bietet seine Dienstleistungen in <span class=\"yshortcuts\" id=\"lw_1337154764_5\"> Gesundheitseinrichtungen<\/span> \u00f6ffentliche, dr\u00e4ngte sie in Gesundheitsdiensten als Bedienstete behoben oder Adscribir\u00eda integriert sie nicht-\u00f6ffentliche Gesundheit Institutionen Verwaltungsstellen k\u00fcmmern.<\/p>\n<p>Dieser Situation nach den Verantwortlichen f\u00fcr die allgemeine Beratung von \u00c4rzten und Krankenschwestern, &#8220;kam zu einem ernsthaften Rechtsunsicherheit und verursacht Hilflosigkeit den betroffenen als nicht enthalten in den gleichen wesentlichen Respekt f\u00fcr diese Profis Rechte in ihre aktuelle Arbeit, die verletzt werden k\u00f6nnten, vor allem, wenn Sie entscheiden sich f\u00fcr nicht-Integration&#8221;&#8221;, besonders hinsichtlich seines Alters und seiner Pensionierung&#8221;.<\/p>\n<p>Nicht zu vergessen die Tatsache, da\u00df diese Fachleute, &#8220;sie Funktionen an Beh\u00f6rden \u00fcbergeben, deren Natur interessieren und St\u00fcckelung der Bestimmung nicht kl\u00e4ren w\u00fcrden ist&#8221;.<\/p>\n<p>Beseitigt die BOE nun diese Situation durch Hinzuf\u00fcgen, da\u00df nach Gesundheitsleistungen als Personen gesetzliche fest integriert, das &#8220;Unbeschadet der konsolidierten Rechte&#8221;. In der gleichen Weise die Wort Gesundheit f\u00fcgt offizielle pers\u00f6nlichen Ausdruck und legt seine Anwendung nach 31. Dezember 2013 und nicht vom 31. Dezember 2012, als die ersten RD. <\/p>\n<p>Seit der Ver\u00f6ffentlichung der RD, hat der Minister der Industrie Ana Mato hat an zwei Sitzungen diskutieren das Thema, die erste bei 8. Mai mit dem Pr\u00e4sidenten des Generalrats der Krankenpflege von Spanien, maximale Gonz\u00e1lez-Jury und die zweite am vergangenen Montag kann mit der gleichen Partei von der Krankenpflege, sowie Juan Jos\u00e9 Rodr\u00edguez Send\u00ednPr\u00e4sident des Generalrats des <span class=\"yshortcuts\" id=\"lw_1337154764_7\"> Colleges der \u00c4rzte<\/span>. <\/p>\n<p>In beiden Sitzungen Mato verpflichtet sich zur Behebung der Situation durch eine aktuelle Formulierung dieses k\u00f6niglichen Dekrets, &#8220;zeigen ihre volle Bereitschaft, Rechte behalten konsolidiert von \u00c4rzten und Krankenschwestern, die ernsthaft beeintr\u00e4chtigt durch diese neue Verordnung des Ministeriums durch eine Berichtigung, die Rechtsvorschriften in den offiziellen Staatsanzeiger ver\u00f6ffentlicht&#8221;.<\/p>\n<p>Nach ihrer Ver\u00f6ffentlichung im Amtsblatt, Jury zog Sie Minister die Dankbarkeit der spanischen Krankenpflege und seine Sensibilit\u00e4t zu diesem Problem, die oben genannten Korrektur von Fehlern zu sammeln. Auch behauptet, dass diese Korrektur &#8220;das Ziel, die Gesundheit-Verwaltungen erreicht der Homogenisierung der Personalpolitik und unsererseits, die diese Integrationen mit der niedrigsten m\u00f6glichen Erkrankung f\u00fcr diese gute Fachleute vorgenommen werden, die so viel f\u00fcr unsere SNS professionelle zeitlebens getan haben&#8221;.<\/p>\n","protected":false},"excerpt":{"rendered":"<p>MADRID, 16 (EUROPA PRESS) Das Ministerium f\u00fcr Gesundheit, soziale Dienste und Gleichheit wurde korrigiert Fehler in den Artikeln \u00fcber das Real Decreto legislativo \u00fcber dringende Ma\u00dfnahmen zur Sicherstellung der Nachhaltigkeit des \u00f6ffentlichen Gesundheitswesens (SNS) gef\u00e4hrdet die Rechte erworben durch die arbeitsrechtlichen Aus\u00fcbung von medizinischen Fachkr\u00e4ften (\u00c4rzte, \u00c4rzte und Hebammen), also Erf\u00fcllung der Verpflichtung, die mit [&hellip;]<\/p>\n","protected":false},"author":1,"featured_media":0,"comment_status":"close","ping_status":"open","sticky":false,"template":"","format":"standard","meta":{"footnotes":""},"categories":[3],"tags":[25924],"class_list":["post-14726","post","type-post","status-publish","format-standard","hentry","category-allgemeine","tag-bereitstellen","et-doesnt-have-format-content","et_post_format-et-post-format-standard"],"_links":{"self":[{"href":"https:\/\/www.best-dentist-dentistry.com\/de\/wp-json\/wp\/v2\/posts\/14726","targetHints":{"allow":["GET"]}}],"collection":[{"href":"https:\/\/www.best-dentist-dentistry.com\/de\/wp-json\/wp\/v2\/posts"}],"about":[{"href":"https:\/\/www.best-dentist-dentistry.com\/de\/wp-json\/wp\/v2\/types\/post"}],"author":[{"embeddable":true,"href":"https:\/\/www.best-dentist-dentistry.com\/de\/wp-json\/wp\/v2\/users\/1"}],"replies":[{"embeddable":true,"href":"https:\/\/www.best-dentist-dentistry.com\/de\/wp-json\/wp\/v2\/comments?post=14726"}],"version-history":[{"count":0,"href":"https:\/\/www.best-dentist-dentistry.com\/de\/wp-json\/wp\/v2\/posts\/14726\/revisions"}],"wp:attachment":[{"href":"https:\/\/www.best-dentist-dentistry.com\/de\/wp-json\/wp\/v2\/media?parent=14726"}],"wp:term":[{"taxonomy":"category","embeddable":true,"href":"https:\/\/www.best-dentist-dentistry.com\/de\/wp-json\/wp\/v2\/categories?post=14726"},{"taxonomy":"post_tag","embeddable":true,"href":"https:\/\/www.best-dentist-dentistry.com\/de\/wp-json\/wp\/v2\/tags?post=14726"}],"curies":[{"name":"wp","href":"https:\/\/api.w.org\/{rel}","templated":true}]}}