{"id":14728,"date":"2012-09-06T02:38:19","date_gmt":"2012-09-06T02:38:19","guid":{"rendered":null},"modified":"-0001-11-30T00:00:00","modified_gmt":"-0001-11-30T00:00:00","slug":"the-government-fixes-the-reform-to-maintain-rights-of-health-headlines","status":"publish","type":"post","link":"https:\/\/www.best-dentist-dentistry.com\/de\/the-government-fixes-the-reform-to-maintain-rights-of-health-headlines\/14728","title":{"rendered":"Die Regierung behebt die Reform um Rechte der Gesundheit Schlagzeilen zu erhalten"},"content":{"rendered":"<p class=\"first\"> Madrid, 15. Mai (EFE).-<span class=\"yshortcuts\" id=\"lw_1337103734_0\"> Die Regierung<\/span> hat korrigiert das Dekret sanit\u00e4re Ma\u00dfnahmen zur Aufrechterhaltung des Status von \u00c4rzten und Krankenschwestern Schlagzeilen, 4.000 Fachkr\u00e4fte in <span class=\"yshortcuts\" id=\"lw_1337103734_2\"> medizinischen<\/span> Zentren, die die Norm gewesen, wie es war, h\u00e4tten die Beamten erworbenen Rechte verloren.<\/p>\n<p>Offizielle Staatsanzeiger ver\u00f6ffentlicht heute eine Korrektur von Fehlern auf dem Legislativdekret Gesundheitsma\u00dfnahmen in welche \u00e4ndern eine Zusatzbestimmung Auswirkungen auf diese Gruppe durch Hinzuf\u00fcgen von Wortgruppe um diese Rechte zu erhalten.<\/p>\n<p>Profis, die ihren Platz in der Grundversorgung durch Opposition oder, die erworben, wurden in das System der \u00f6ffentlichen h\u00e4usliche Pflege (APD), in beiden F\u00e4llen zu Jes l\u00f6schen<\/p>\n<p>Dekret, das am 24. April erschien enthalten eine zus\u00e4tzliche Vorschrift, die sie f\u00fcr Gesundheit als eine feste gesetzliche Personalsysteme anzumelden genannt, und wenn sie es taten, die autonomen Gemeinschaften konnte zuschreiben sie administrative Einrichtungen, die nicht der Gesundheit geh\u00f6ren.<\/p>\n<p>Die wichtigsten Verb\u00e4nde von \u00c4rzten und Krankenschwestern die Ma\u00dfnahme protestiert und forderte die Regierung zur Aufrechterhaltung der erworbenen Rechte dieser Fachleute, wie zum Beispiel die Wahl zu den sechzig oder siebzig Jahren in den Ruhestand \u00e4ndern.<\/p>\n<p>The Official Gazette ver\u00f6ffentlicht heute diese \u00c4nderung einen Tag nach dem letzten Treffen mit dem Minister f\u00fcr Gesundheit, Ana Mato, wer auf Ihre Beschwerde reagiert hat.<\/p>\n<p>Quellen der medizinischen College-Organisation (WTO) betont die &#8220;Zufriedenheit&#8221; des Kollektivs, die die &#8220;unerw\u00fcnschten&#8221; Effekte verringert, dass diese Reform &#8220;weitgehend&#8221; EfE sei.<\/p>\n<p>Der Standard hinzugef\u00fcgt wurden, h\u00e4tte bedeutet, haben die &#8220;Enteignung&#8221; bei ihrer Arbeit, nicht ge\u00e4ndert haben.<\/p>\n<p>Der Pr\u00e4sident des Generalrats der Krankenpflege, maximale Gonz\u00e1lez Jury, erz\u00e4hlte Efe betont hat, dass die Norm ist mit diesem \u00e4ndern &#8220;sehr gut&#8221;, weil diese Fachleute in Teams zur medizinischen Grundversorgung, sondern verlieren ihre Rechte integriert.<\/p>\n<p>Gonzalez Jury hat auch der Minister Ana Mato hervorheben wollte wurde &#8220;sensibel&#8221; in Gespr\u00e4chen mit Unternehmen aus diesem Grund und in der Besprechung von gestern gab ihr Engagement f\u00fcr diese \u00c4nderung vornehmen.<\/p>\n","protected":false},"excerpt":{"rendered":"<p>Madrid, 15. Mai (EFE).- Die Regierung hat korrigiert das Dekret sanit\u00e4re Ma\u00dfnahmen zur Aufrechterhaltung des Status von \u00c4rzten und Krankenschwestern Schlagzeilen, 4.000 Fachkr\u00e4fte in medizinischen Zentren, die die Norm gewesen, wie es war, h\u00e4tten die Beamten erworbenen Rechte verloren. Offizielle Staatsanzeiger ver\u00f6ffentlicht heute eine Korrektur von Fehlern auf dem Legislativdekret Gesundheitsma\u00dfnahmen in welche \u00e4ndern eine [&hellip;]<\/p>\n","protected":false},"author":1,"featured_media":0,"comment_status":"close","ping_status":"open","sticky":false,"template":"","format":"standard","meta":{"footnotes":""},"categories":[3],"tags":[25926,25927],"class_list":["post-14728","post","type-post","status-publish","format-standard","hentry","category-allgemeine","tag-bedrohungs-kampf","tag-schlagzeilen","et-doesnt-have-format-content","et_post_format-et-post-format-standard"],"_links":{"self":[{"href":"https:\/\/www.best-dentist-dentistry.com\/de\/wp-json\/wp\/v2\/posts\/14728","targetHints":{"allow":["GET"]}}],"collection":[{"href":"https:\/\/www.best-dentist-dentistry.com\/de\/wp-json\/wp\/v2\/posts"}],"about":[{"href":"https:\/\/www.best-dentist-dentistry.com\/de\/wp-json\/wp\/v2\/types\/post"}],"author":[{"embeddable":true,"href":"https:\/\/www.best-dentist-dentistry.com\/de\/wp-json\/wp\/v2\/users\/1"}],"replies":[{"embeddable":true,"href":"https:\/\/www.best-dentist-dentistry.com\/de\/wp-json\/wp\/v2\/comments?post=14728"}],"version-history":[{"count":0,"href":"https:\/\/www.best-dentist-dentistry.com\/de\/wp-json\/wp\/v2\/posts\/14728\/revisions"}],"wp:attachment":[{"href":"https:\/\/www.best-dentist-dentistry.com\/de\/wp-json\/wp\/v2\/media?parent=14728"}],"wp:term":[{"taxonomy":"category","embeddable":true,"href":"https:\/\/www.best-dentist-dentistry.com\/de\/wp-json\/wp\/v2\/categories?post=14728"},{"taxonomy":"post_tag","embeddable":true,"href":"https:\/\/www.best-dentist-dentistry.com\/de\/wp-json\/wp\/v2\/tags?post=14728"}],"curies":[{"name":"wp","href":"https:\/\/api.w.org\/{rel}","templated":true}]}}