{"id":14744,"date":"2012-09-06T02:42:48","date_gmt":"2012-09-06T02:42:48","guid":{"rendered":null},"modified":"-0001-11-30T00:00:00","modified_gmt":"-0001-11-30T00:00:00","slug":"the-chancellor-of-ecuador-says-reinvents-itself-and-the-oas-or-oas-will-disappear","status":"publish","type":"post","link":"https:\/\/www.best-dentist-dentistry.com\/de\/the-chancellor-of-ecuador-says-reinvents-itself-and-the-oas-or-oas-will-disappear\/14744","title":{"rendered":"the chancellor of ecuador says reinvents itself and the oas or oas will disappear"},"content":{"rendered":"<p class=\"first\"> <span class=\"yshortcuts\" id=\"lw_1338771163_7\"> Cochabamba<\/span> (Bolivien), 3 jun (EFE).-<span class=\"yshortcuts\" id=\"lw_1338771163_2\"> The Ecuadors Au\u00dfenminister<\/span> <span class=\"yshortcuts\" id=\"lw_1338771163_1\"> Ricardo Pati\u00f1o<\/span>, sagte heute, dass &#8220;oder die OAS erfindet sich neu oder verschwinden&#8221;, und best\u00e4tigt, dass ihr Pr\u00e4sident, Rafael Correa, morgen in Bolivien, der 42. Versammlung der Agentur, die System\u00e4nderungen Interamerikanischen Menschenrechte verteidigen.<\/p>\n<p>&#8220;Die OAS erfindet sich neu, oder die OAS verschwinden.&#8221; &#8220;Hat keine andere M\u00f6glichkeit&#8221;, erkl\u00e4rte Pati\u00f1o, durchschnittliche Bolivianer w\u00e4hrend der Einweihung eines Sozialforums durch den Pr\u00e4sidenten Evo Morales in der zentralen Stadt Cochabamba, Sitz der Baugruppe.<\/p>\n<p>&#8220;Mit progressiven Regierungen, in Lateinamerika, die OAS weiterhin nicht m\u00f6glich.&#8221; &#8220;Es ist f\u00fcr sein Verschwinden gedacht, es sei denn, sie akzeptieren ihre Neuerfindung&#8221; hinzugef\u00fcgt.<\/p>\n<p>G\u00fcrtel beabsichtigt, diese Stadt in den fr\u00fchen Morgenstunden des Montag, nach der Einladung von Morales erreichen.<\/p>\n<p>&#8220;Die Werteskala der OAS hat anders definiert werden und also kommen verklagt,&#8221; sagt Pati\u00f1o.<\/p>\n<p>Betont die Unterschiede zwischen &#8220;Millionen Dollar&#8221;, die der Berichterstatter zugewiesen sind, die Freiheit der Meinungs\u00e4u\u00dferung, verteidigt &#8220;, die wirklich in der Verteidigung von einigen Medien&#8221;, und eine Kommission, die f\u00fcr indigene Fragen ber\u00fchrt, die &#8220;$ 20.000&#8221; hat.<\/p>\n<p>Bestand darauf, dass &#8220;soziale, wirtschaftliche, grundlegende&#8221; Rechte der Gesellschaft und Gruppen, z. B. im Zusammenhang mit Bildung, Gesundheit oder soziale Eingliederung, in die Interamerikanische Menschenrechtssystem nicht vertreten sind.<\/p>\n<p>&#8220;Jeder wei\u00df, was kann passieren, wenn man in seinem Haus ignorieren wird.&#8221; &#8220;In der Regel verl\u00e4sst das Haus&#8221;, warnte Pati\u00f1o, konsultiert zu werden, was passieren wird, wenn es nicht, die Nachfrage nach Ecuador in OAS akzeptieren.<\/p>\n","protected":false},"excerpt":{"rendered":"<p>Cochabamba (Bolivien), 3 jun (EFE).- The Ecuadors Au\u00dfenminister Ricardo Pati\u00f1o, sagte heute, dass &#8220;oder die OAS erfindet sich neu oder verschwinden&#8221;, und best\u00e4tigt, dass ihr Pr\u00e4sident, Rafael Correa, morgen in Bolivien, der 42. Versammlung der Agentur, die System\u00e4nderungen Interamerikanischen Menschenrechte verteidigen. &#8220;Die OAS erfindet sich neu, oder die OAS verschwinden.&#8221; &#8220;Hat keine andere M\u00f6glichkeit&#8221;, erkl\u00e4rte [&hellip;]<\/p>\n","protected":false},"author":1,"featured_media":0,"comment_status":"close","ping_status":"open","sticky":false,"template":"","format":"standard","meta":{"footnotes":""},"categories":[3],"tags":[25943],"class_list":["post-14744","post","type-post","status-publish","format-standard","hentry","category-allgemeine","tag-anfangsstadium","et-doesnt-have-format-content","et_post_format-et-post-format-standard"],"_links":{"self":[{"href":"https:\/\/www.best-dentist-dentistry.com\/de\/wp-json\/wp\/v2\/posts\/14744","targetHints":{"allow":["GET"]}}],"collection":[{"href":"https:\/\/www.best-dentist-dentistry.com\/de\/wp-json\/wp\/v2\/posts"}],"about":[{"href":"https:\/\/www.best-dentist-dentistry.com\/de\/wp-json\/wp\/v2\/types\/post"}],"author":[{"embeddable":true,"href":"https:\/\/www.best-dentist-dentistry.com\/de\/wp-json\/wp\/v2\/users\/1"}],"replies":[{"embeddable":true,"href":"https:\/\/www.best-dentist-dentistry.com\/de\/wp-json\/wp\/v2\/comments?post=14744"}],"version-history":[{"count":0,"href":"https:\/\/www.best-dentist-dentistry.com\/de\/wp-json\/wp\/v2\/posts\/14744\/revisions"}],"wp:attachment":[{"href":"https:\/\/www.best-dentist-dentistry.com\/de\/wp-json\/wp\/v2\/media?parent=14744"}],"wp:term":[{"taxonomy":"category","embeddable":true,"href":"https:\/\/www.best-dentist-dentistry.com\/de\/wp-json\/wp\/v2\/categories?post=14744"},{"taxonomy":"post_tag","embeddable":true,"href":"https:\/\/www.best-dentist-dentistry.com\/de\/wp-json\/wp\/v2\/tags?post=14744"}],"curies":[{"name":"wp","href":"https:\/\/api.w.org\/{rel}","templated":true}]}}