{"id":14872,"date":"2012-09-07T03:29:38","date_gmt":"2012-09-07T03:29:38","guid":{"rendered":null},"modified":"-0001-11-30T00:00:00","modified_gmt":"-0001-11-30T00:00:00","slug":"the-cecova-believes-that-governance-can-be-more-efficient-and-cost-effective-than-private","status":"publish","type":"post","link":"https:\/\/www.best-dentist-dentistry.com\/de\/the-cecova-believes-that-governance-can-be-more-efficient-and-cost-effective-than-private\/14872","title":{"rendered":"Nach Auffassung der CECOVA Regierungsf\u00fchrung effizienter und kosteng\u00fcnstiger als private sein kann."},"content":{"rendered":"<p><strong>El CECOVA glaubt, dass die Staatsf\u00fchrung effizienter und kosteng\u00fcnstiger als private sein kann. <\/p>\n<p><font size=\"2\"> der Organisation College bedauert, dass Unsicherheit \u00fcber die Privatisierung von den Angeh\u00f6rigen der Heilberufe trotz der \u00f6ffentlichen Verpflichtung des Ministers Planung wieder.<\/strong><font size=\"2\"> <\/p>\n<p> <strong>Spanien, September 2012.-<\/strong> der Organisation Hochschule f\u00fcr Krankenpflege von Valencia, in der N\u00e4he von ein Herbst erwartet durch die neuesten Ma\u00dfnahmen der Regierung, behauptet die Gesundheitsverwaltung gesch\u00fcttelt werden, die  finden alle Flexibilit\u00e4tsma\u00dfnahmen die, die in das Management des Gesundheitssystems in der valencianischen Gemeinschaft notwendig sind, die Rechte der Arbeitnehmer zu gew\u00e4hrleisten, bleibt es \u00f6ffentliche &#8221;, seit der Public Health  verdient die maximalen Anstrengungen aller Beteiligten, es neu zu erfinden und profitabler als die private, While am meisten gesch\u00e4tzten B\u00fcrger machen &#8221;. <\/p>\n<p>Krankenpflege-Rat von der valencianischen Gemeinschaft (CECOVA) und der Colleges der Krankenpflege in Valencia, Castell\u00f3n y Alicante sind verpflichtet, durch  die Aufrechterhaltung des \u00f6ffentlichen Charakters des das medizinische Fachpersonal in der Valencia-Gesundheit-Agentur zu den wiederholten News von Privatunternehmen, die entscheiden, um das Modell der Verwaltung gemeinsam ab Januar 2013 zu nehmenauch \u00fcber die Verwaltung der Mitarbeiter nehmen &#8221; und wegen dieser Anspr\u00fcche zu bedauern, dass  planen wieder die Unsicherheit in Bezug auf die Privatisierung von \u00c4rzten und Krankenschwestern trotz der wiederholten \u00f6ffentlichen Verpflichtung des Ministers f\u00fcr Gesundheit, Luis Rosado, in die entgegengesetzte Richtung &#8221;. <\/p>\n<p>Aus den CECOVA und Hochschulen der Krankenpflege ist das Vertrauen in den Worten des Ministers f\u00fcr Gesundheit im Sinne Ausdr\u00fccken, die alle Krankenschwestern, die die valencianische Agentur der Gesundheit geh\u00f6ren weiterhin das gleiche ohne Probleme geh\u00f6ren und niemand wird privatisiert werden, ob pers\u00f6nliche vorl\u00e4ufige oder st\u00e4ndige Mitarbeiter. <\/p>\n<p>Jedoch kann nicht die Zukunft der Gesundheitsberufe abh\u00e4ngig von der Kontinuit\u00e4t des einzelnen in das Amt und die Absichten, die durch diese ausgedr\u00fcckt werden. Dar\u00fcber hinaus wird Sie daher notwendig, die erforderlichen Mechanismen zu artikulieren, so dass es in der Zeit unabh\u00e4ngig davon, wer das Amt des Gesundheitsministers belegt konstant bleibt. <\/p>\n<p>Die College-Organisation der Krankenpflege der valencianischen Gemeinschaft fordert, dass in diesem Umfeld der Entmutigung, Desasosiego, Unglauben, Wut und Unsicherheit, es ist notwendig, die roten Linien im \u00f6ffentlichen Gesundheitswesen zu setzen, die nicht, unter keinen Umst\u00e4nden private Verwaltung geschehen muss.  Nicht sein k\u00f6nnen weiter arbeiten der \u00d6ffentlichkeit verpflichtet, wenn der Geist der totale Privatisierung des Gesundheitssystems planen st\u00e4ndig \u00fcber die K\u00f6pfe von Tausenden von Arbeitern der gleichen &#8221;, sagte Jose Antonio Avila, Pr\u00e4sident des valencianischen Gemeinschaft Organisation College der Krankenpflege. <\/p>\n<p>Jose Antonio Avila \u00e4u\u00dferten ihre Entt\u00e4uschung \u00fcber die Tatsache, dass  k\u00f6nnen nicht rentable \u00f6ffentliche Gesundheit machen, wenn dies, gerade durch seine M\u00f6glichkeiten, ein Bereich von privaten Unternehmen ihrer Rentabilit\u00e4t; \u00fcberzeugt sein gew\u00fcnscht ist Wir daher Vertrag, private-Managern, die die Ineffizienz der \u00d6ffentlichkeit versorgen k\u00f6nnen oder Profesionalicemos Verwaltung ver\u00f6ffentlicht tats\u00e4chliche Kapazit\u00e4t der Management und Requirements ohne Z\u00f6gern der Ziele, aber wir tun nicht Privaticemos eine der S\u00e4ulen des Wohlfahrtsstaates. Wenn das private Management profitabel ist, warum nicht es kann \u00f6ffentlich sein, vor allem, wenn Sie keinen wirtschaftliche Nutzen f\u00fcr jeden Aktion\u00e4r erhalten? &#8221;. <\/p>\n<p>Unterst\u00fctzt der Vorsitzende der CECOVA der  reform in die Tiefe des derzeitigen Systems der Gesundheit Verwaltung Publikum mit einem professionellen, die nicht weiter unterst\u00fctzt Verz\u00f6gerung, z\u00e4hlen mit einige Manager, deren Verdienste, parteipolitische Freundschaft oder politische Zugeh\u00f6rigkeit hinausgehen. Alles, was funktioniert nicht in dieser Linie tr\u00e4gt mehr Ineffizienz auf das System und die mangelnde Motivation der Basis, d. h. von Tausenden von Fachkr\u00e4fte des Gesundheitswesens, die das \u00f6ffentliche Gesundheitswesen mit ihrer t\u00e4glichen Arbeit und Anstrengung arbeiten machen &#8221;. <\/p>\n<p><\/font><\/font><\/p>\n","protected":false},"excerpt":{"rendered":"<p>El CECOVA glaubt, dass die Staatsf\u00fchrung effizienter und kosteng\u00fcnstiger als private sein kann. der Organisation College bedauert, dass Unsicherheit \u00fcber die Privatisierung von den Angeh\u00f6rigen der Heilberufe trotz der \u00f6ffentlichen Verpflichtung des Ministers Planung wieder. Spanien, September 2012.- der Organisation Hochschule f\u00fcr Krankenpflege von Valencia, in der N\u00e4he von ein Herbst erwartet durch die neuesten [&hellip;]<\/p>\n","protected":false},"author":1,"featured_media":0,"comment_status":"close","ping_status":"open","sticky":false,"template":"","format":"standard","meta":{"footnotes":""},"categories":[3],"tags":[26088,26087,26086],"class_list":["post-14872","post","type-post","status-publish","format-standard","hentry","category-allgemeine","tag-ministers","tag-regierungsfhrung","tag-semg-verffentlichung","et-doesnt-have-format-content","et_post_format-et-post-format-standard"],"_links":{"self":[{"href":"https:\/\/www.best-dentist-dentistry.com\/de\/wp-json\/wp\/v2\/posts\/14872","targetHints":{"allow":["GET"]}}],"collection":[{"href":"https:\/\/www.best-dentist-dentistry.com\/de\/wp-json\/wp\/v2\/posts"}],"about":[{"href":"https:\/\/www.best-dentist-dentistry.com\/de\/wp-json\/wp\/v2\/types\/post"}],"author":[{"embeddable":true,"href":"https:\/\/www.best-dentist-dentistry.com\/de\/wp-json\/wp\/v2\/users\/1"}],"replies":[{"embeddable":true,"href":"https:\/\/www.best-dentist-dentistry.com\/de\/wp-json\/wp\/v2\/comments?post=14872"}],"version-history":[{"count":0,"href":"https:\/\/www.best-dentist-dentistry.com\/de\/wp-json\/wp\/v2\/posts\/14872\/revisions"}],"wp:attachment":[{"href":"https:\/\/www.best-dentist-dentistry.com\/de\/wp-json\/wp\/v2\/media?parent=14872"}],"wp:term":[{"taxonomy":"category","embeddable":true,"href":"https:\/\/www.best-dentist-dentistry.com\/de\/wp-json\/wp\/v2\/categories?post=14872"},{"taxonomy":"post_tag","embeddable":true,"href":"https:\/\/www.best-dentist-dentistry.com\/de\/wp-json\/wp\/v2\/tags?post=14872"}],"curies":[{"name":"wp","href":"https:\/\/api.w.org\/{rel}","templated":true}]}}