{"id":14938,"date":"2012-09-08T02:38:47","date_gmt":"2012-09-08T02:38:47","guid":{"rendered":null},"modified":"-0001-11-30T00:00:00","modified_gmt":"-0001-11-30T00:00:00","slug":"jimenez-said-the-psoe-to-recourse-against-the-decree-of-the-cut-in-health","status":"publish","type":"post","link":"https:\/\/www.best-dentist-dentistry.com\/de\/jimenez-said-the-psoe-to-recourse-against-the-decree-of-the-cut-in-health\/14938","title":{"rendered":"Jimenez sagte die PSOE auf Rechtsmittel gegen das Dekret des Schnittes in Gesundheit"},"content":{"rendered":"<p class=\"first\"> Ourense, 25. Mai (EFE).-das Ministerium der Sozialpolitik der PSOE, Trinidad Jim\u00e9nez, sagte heute, dass seine Partei vorlegen werde, eine Verfassungsbeschwerde gegen das K\u00f6nigliche Dekret genehmigt letzte Woche durch das Abgeordnetenhaus, weil es Grundrechte verletzt und B\u00fcrger des nationalen Gesundheitssystems ausgeschlossen.<\/p>\n<p>Jimenez diese Aussagen in Ourense gemacht und darauf hingewiesen, das Rechtsmittel durch ihre Ausbildung eingereicht werden einmal \u00fcbermitteln Sie die autonomen Gemeinschaften.<\/p>\n<p>Gesundheit Exministra und Vertreter der PSOE nahm an einem Treffen mit organischen Positionen und gesellschaftlichen Akteuren der Orense Volksgesundheit, in dem der Generalsekret\u00e4r der sozialistischen, Pachi V\u00e1zquez vorhanden war.<\/p>\n<p>&#8220;Erwarten wir, dass die vorhanden Ressourcen der Verfassungswidrigkeit Andalusien und das Baskenland sind.&#8221; &#8220;Wenn diese Gemeinschaften \u00fcbermitteln, die Sozialdemokratische Fraktion auch pr\u00e4sentieren&#8221;, sagte.<\/p>\n<p>El PSOE bietet neben der vorliegenden Antr\u00e4ge, Interpellationen und Propositionen als Gesetz im Kongress mit dem Ziel, das das K\u00f6nigliche Dekret &#8220;nicht gilt&#8221;, und damit zu vermeiden, dass &#8220;produzieren negative Auswirkungen&#8221; auf die Bev\u00f6lkerung, insbesondere zwischen den Gruppen &#8220;Abschluss&#8221;.<\/p>\n<p>Darauf hingewiesen, dass diese gef\u00e4hrdeten Gruppen umfassen &#8220;jungen Alter von 27, die nicht immer trug, geschiedene Frauen haben nicht habe nie zitiert, Behinderte oder Einwanderer in einer irregul\u00e4ren Situation&#8221;.<\/p>\n<p>&#8220;Wollen nicht zulassen, dass ein Gesundheitssystem unter dem Vorwand der Krise abgebaut werden&#8221;, so gut wie Seins &#8220;nachhaltig&#8221;, es ist &#8220;eine der besten der Welt&#8221;, sagte Jimenez, warnte, dass &#8220;es rote Linien, die durchlaufen werden k\u00f6nnen nicht sind&#8221;.<\/p>\n<p>Erw\u00e4hnt, es ist ein Gesundheit-Modell &#8220;universal&#8221; und&#8221;freien&#8221;, die Hilfe f\u00fcr alle bietet, die in diesem Land, als auch &#8220;nachhaltig&#8221;, Leben und Spanien hat &#8220;ausreichenden St\u00e4rke 6,5 % des BIP zu verbringen&#8221;, betonte er.<\/p>\n<p>Put in Zweifel, das es eine Notwendigkeit, es zu \u00e4ndern und bestand darauf, dass das Modell das K\u00f6nigliche Dekret angenommen ist &#8220;unfair und ineffizient&#8221;, f\u00fcgte er hinzu.<\/p>\n<p>Die Sozialpolitik der PSOE-Sekretariat platziert auch der Pr\u00e4sident der Xunta de Galicia, Alberto N\u00fa\u00f1ez Feij\u00f3o, und Leiter der PPdeG in Galizien &#8211; einmal diese Nummer nicht sein herstellen Gesundheitswesen Selbstbeteiligung-ablehnen, die zur\u00fcck.<\/p>\n<p>&#8220;Ist einfach zu sagen, dass es nicht gelten&#8221;, als &#8220;nicht abgelehnt worden&#8221;, sagte er.<\/p>\n<p>, Vazquez sagte, dass &#8220;selten gelebten so unfair Situation&#8221; als die aktuelle, mit Recht, die &#8220;vor der \u00f6ffentlichen Gesundheit will&#8221; und Bildung.<\/p>\n<p>In diesem Zusammenhang forderte der Pr\u00e4sident der Xunta de Galicia &#8220;nicht verraten nach Galizien&#8221; und auch eine Aktion der Verfassungswidrigkeit gegen das Dekret, nach dem Beispiel der anderen autonomen Gemeinschaften pr\u00e4sentieren.<\/p>\n<p>&#8220;Jetzt ist die Zeit zu verteidigen Galicien und verteidigen diese Rentner Leben am Limit und, die jetzt Medizin bezahlen muss,&#8221; betonte er, nach diesem Dekret die betrachtet, die &#8220;verletzt nicht nur die Health Act, sondern die Rechte&#8221; von den Galiciern.<\/p>\n<p>Auf der anderen Seite angegeben der Vertreter der PSOE auf Fragen von Journalisten \u00fcber die M\u00f6glichkeit, einen Pakt mit der PP auf die Gesundheit zu erreichen, sei es nun &#8220;schwierige Einigung&#8221;, da der Minister &#8220;nie uns berufen hat&#8221; diskutieren dieses Dekret, verh\u00e4ngte am Ende &#8220;hat&#8221;, sagte er.<\/p>\n","protected":false},"excerpt":{"rendered":"<p>Ourense, 25. Mai (EFE).-das Ministerium der Sozialpolitik der PSOE, Trinidad Jim\u00e9nez, sagte heute, dass seine Partei vorlegen werde, eine Verfassungsbeschwerde gegen das K\u00f6nigliche Dekret genehmigt letzte Woche durch das Abgeordnetenhaus, weil es Grundrechte verletzt und B\u00fcrger des nationalen Gesundheitssystems ausgeschlossen. Jimenez diese Aussagen in Ourense gemacht und darauf hingewiesen, das Rechtsmittel durch ihre Ausbildung eingereicht [&hellip;]<\/p>\n","protected":false},"author":1,"featured_media":0,"comment_status":"close","ping_status":"open","sticky":false,"template":"","format":"standard","meta":{"footnotes":""},"categories":[3],"tags":[26173,26174],"class_list":["post-14938","post","type-post","status-publish","format-standard","hentry","category-allgemeine","tag-jimenez","tag-schnittes","et-doesnt-have-format-content","et_post_format-et-post-format-standard"],"_links":{"self":[{"href":"https:\/\/www.best-dentist-dentistry.com\/de\/wp-json\/wp\/v2\/posts\/14938","targetHints":{"allow":["GET"]}}],"collection":[{"href":"https:\/\/www.best-dentist-dentistry.com\/de\/wp-json\/wp\/v2\/posts"}],"about":[{"href":"https:\/\/www.best-dentist-dentistry.com\/de\/wp-json\/wp\/v2\/types\/post"}],"author":[{"embeddable":true,"href":"https:\/\/www.best-dentist-dentistry.com\/de\/wp-json\/wp\/v2\/users\/1"}],"replies":[{"embeddable":true,"href":"https:\/\/www.best-dentist-dentistry.com\/de\/wp-json\/wp\/v2\/comments?post=14938"}],"version-history":[{"count":0,"href":"https:\/\/www.best-dentist-dentistry.com\/de\/wp-json\/wp\/v2\/posts\/14938\/revisions"}],"wp:attachment":[{"href":"https:\/\/www.best-dentist-dentistry.com\/de\/wp-json\/wp\/v2\/media?parent=14938"}],"wp:term":[{"taxonomy":"category","embeddable":true,"href":"https:\/\/www.best-dentist-dentistry.com\/de\/wp-json\/wp\/v2\/categories?post=14938"},{"taxonomy":"post_tag","embeddable":true,"href":"https:\/\/www.best-dentist-dentistry.com\/de\/wp-json\/wp\/v2\/tags?post=14938"}],"curies":[{"name":"wp","href":"https:\/\/api.w.org\/{rel}","templated":true}]}}