{"id":1494,"date":"2013-09-06T23:14:54","date_gmt":"2013-09-06T23:14:54","guid":{"rendered":null},"modified":"2013-09-06T23:14:54","modified_gmt":"2013-09-06T23:14:54","slug":"feafes-will-discuss-the-most-innovative-aspects-of-mental-health-on-the-occasion-of-world-day","status":"publish","type":"post","link":"https:\/\/www.best-dentist-dentistry.com\/de\/feafes-will-discuss-the-most-innovative-aspects-of-mental-health-on-the-occasion-of-world-day\/1494","title":{"rendered":"FEAFES besprechen die innovativsten Aspekte der psychischen Gesundheit auf der Welt Tag."},"content":{"rendered":"<p><strong>FEAFES besprechen die innovativsten Aspekte der psychischen Gesundheit auf der Welt-Tag ein. <\/p>\n<p><font   size=\"2\"> der Tag findet in Madrid am 6. Oktober in Anwesenheit von Leire Pajin.<\/font><\/strong><font   size=\"2\"> <\/p>\n<p>-Der Tag konzentriert sich auf die Stigmatisierung, Empowerment und das gemeinschaftliche Modell der mental Health Care <\/p>\n<p>-Tag die Teilnahme ist kostenlos, aber Sie m\u00fcssen \u00fcber die Website Feafes registrieren <\/p>\n<p>-in diesem Jahr ist das Motto des Tages  stellt sich der Herausforderung: hilft bei der Verbesserung der psychischen Gesundheit &#8221; <\/p>\n<p> <strong>Madrid, 2011-September<\/strong> der Spanisch-Confederation of Gruppierungen der Familie Mitglieder und Personen mit psychischen Erkrankungen (FEAFES) vom 6. Oktober am Tag, bei der die Gesundheit Welttag der psychischen erinnert in \u00fcber 100 L\u00e4ndern am 10. Oktoberder sich mit den neuesten Initiativen in der Pflege f\u00fcr diese Art von Erkrankungen besch\u00e4ftigt. <\/p>\n<p>Der Tag wird findet im Ministerium f\u00fcr Gesundheit, Soziales und Gleichstellung, in Madrid, und die Intervention des Inhabers dieser Abteilung, Leire Pajin. Damals dasselbe Ereignis pr\u00e4sentiert werden den Preis der Logos-Wettbewerb, die ich auf psychische Erkrankungen von FEAFES in Zusammenarbeit mit der Stiftung AstraZeneca. <\/p>\n<p>Der Tag beginnt um 22:30, Leire Pajin Interventionen; FEAFES, Jos\u00e9 Mar\u00eda S\u00e1nchez Monge, Pr\u00e4sident und der Vertreter des Ausschusses der Menschen mit psychischen Erkrankungen in FEAFES, Basilio Garc\u00eda Cop\u00edn, die das Manifest der Weltgesundheitstag, liest die in diesem Jahr mit dem Slogan feiert  stellt sich der Herausforderung: Zusammenarbeit bei der Verbesserung der psychischen Gesundheit &#8221;. <\/p>\n<p>Es wird neue Initiativen auf Priorit\u00e4tsthemen f\u00fcr die assoziative Bewegung von Menschen mit psychischen Erkrankungen und Familie, wie z. B. Stigma, Empowerment und Gemeinschaft psychische Gesundheitsversorgung Modell bearbeiten. <\/p>\n<p>Erstens, der Direktor der schottischen Kampagne gegen Stigmatisierung See Me, Suzie Vestri, wer diese bahnbrechende Initiative verf\u00fcgbar macht, Referent der World Health Organization eingreifen. Anschlie\u00dfend der ehemalige Minister f\u00fcr Gesundheit und das Wohlbefinden von Kastilien &#8211; La Mancha, Fernando Lamata, spiegeln sich auf Mittel und Ger\u00e4ten erforderlich, um eine Gemeinschaftsmodell der mental Health Care. <\/p>\n<p>Schlie\u00dflich wird der Vertreter der geistigen Gesundheit Stiftung, David Crepaz-Keay, eine Konferenz \u00fcber die Teilhabe von Menschen mit psychischen Erkrankungen bieten. <\/p>\n<p>Das Ereignis, das durch das Generalsekretariat der Sozialpolitik und Verbraucherfragen, Isabel Mart\u00ednez, geschlossen ist \u00f6ffnen f\u00fcr die Gesellschaft als Ganzes, insbesondere f\u00fcr diejenigen, die im Zusammenhang mit der assoziativen Bewegung FEAFES, und alle die Profis mit Bereich der psychischen Gesundheit. <\/p>\n<p>Teilnahme an den Workshops ist kostenlos, aber es ist absolut notwendig, sich \u00fcber das Formular auf der Website<\/font> <font   size=\"2\"> hier<\/font> <font   size=\"2\">. <\/p>\n<p>Der Tag hat auch die Unterst\u00fctzung der Fundaci\u00f3n Once. <\/p>\n<p><strong>Welttag der geistigen Gesundheit 2011<\/strong> <\/p>\n<p> Stellt sich der Herausforderung: Zusammenarbeit bei der Verbesserung der psychischen Gesundheit &#8221; <\/p>\n<p> Donnerstag, 6. Oktober Ministerium f\u00fcr Gesundheit, Soziales und Chancengleichheit &#8211; Ernest Lluch Hall <\/p>\n<p><\/font> <font size=\"2\"> <strong>Programm <br \/><\/strong> <br \/> 10.30 Uhr. Feierliche Er\u00f6ffnung <\/p>\n<p> Jos\u00e9 M\u00aa S\u00e1nchez Monge. Pr\u00e4sident des FEAFES. <\/p>\n<p>Basilio Garc\u00eda Cop\u00edn, verantwortlich f\u00fcr den Ausschuss von Menschen mit psychischen Erkrankungen in FEAFES. Lesen des Manifests. <\/p>\n<p>Intervention von Leire REMODERNISACION Iraola, Minister f\u00fcr Gesundheit, Soziales und Chancengleichheit. <\/p>\n<p>Lesen der Proklamation. <\/p>\n<p> 1050 Uhr. Lieferung des Award  ich Wettbewerb \u00fcber die psychische Krankheit &#8221; <\/p>\n<p> Cristina \u00c1lvarez G\u00f3mez de Segura. Verwalten von Beziehungen mit Patientenverb\u00e4nde, AstraZeneca <\/p>\n<p> 11.00 Uhr. Aufmerksamkeit auf Welt psychische Gesundheitstag dr\u00fccken. <\/p>\n<p> 11.30-11.45 Uhr Kaffeepause <\/p>\n<p> 1145 Uhr. Konferenz <\/p>\n<p> pr\u00e4sentiert: Luz M\u00aa Ca\u00f1as Palmero, Vice President von FEAFES. <\/p>\n<p>1145 Uhr.  Sichtbar im Kampf gegen Stigma. Schottischer Kampagne  finden Sie unter-mich &#8221;. Suzie Vestri. Direktor der Kampagne <\/p>\n<p>1215 Uhr. Fragestunde. <\/p>\n<p> 1230 Std.  Gemeinschaftsmodell der Versorgung f\u00fcr psychische Gesundheit: Dienste, Ressourcen und Qualit\u00e4t Ger\u00e4te und ausreichend. Best Practice in Spanien &#8221;. <\/p>\n<p>Fernando Lamata. Sprecher f\u00fcr Europ\u00e4ische Angelegenheiten der Sozialdemokratischen Fraktion in den Cortes von Kastilien &#8211; La Mancha <\/p>\n<p> 13.00 Uhr. Fragestunde. <\/p>\n<p> 1315 Std.  Erm\u00e4chtigung und psychische Gesundheit Recovery: durch eine gr\u00f6\u00dfere Autonomie &#8221;. <\/p>\n<p>David Crepaz-Keay. Mental Health Foundation. <\/p>\n<p> 1345 Uhr. Fragen <\/p>\n<p> 13.30 schlie\u00dfen. Isabel Mart\u00ednez. Generalsekret\u00e4r f\u00fcr Sozialpolitik und Verbraucher <\/p>\n<p> Ruhetag. \u00dcbersetzung gleichzeitig. <\/p>\n<p><\/font><font size=\"2\"> <strong>FEAFES <br \/><\/strong> <br \/> der Spanisch-Confederation of Gruppierungen der Familie Mitglieder und Personen mit psychischen Erkrankungen (<\/font> <font   size=\"2\"> FEAFES<\/font> <font   size=\"2\">) ist eine Einrichtung ohne Geist des Profits und gesellschaftlichem Interesse, die 1983 entstand. Es integriert 19 Verb\u00e4nde und Vereine Uniprovinciales, 285 Entit\u00e4ten zu bringen und hat mehr als 45.000 Mitglieder und ordnet im gesamten Staatsgebiet. <\/p>\n<p><\/font><\/p>\n","protected":false},"excerpt":{"rendered":"<p>FEAFES besprechen die innovativsten Aspekte der psychischen Gesundheit auf der Welt-Tag ein. der Tag findet in Madrid am 6. Oktober in Anwesenheit von Leire Pajin. -Der Tag konzentriert sich auf die Stigmatisierung, Empowerment und das gemeinschaftliche Modell der mental Health Care -Tag die Teilnahme ist kostenlos, aber Sie m\u00fcssen \u00fcber die Website Feafes registrieren -in [&hellip;]<\/p>\n","protected":false},"author":1,"featured_media":0,"comment_status":"close","ping_status":"open","sticky":false,"template":"","format":"standard","meta":{"footnotes":""},"categories":[3],"tags":[5913,5909,5906,5907,5912,5908,5914,5915,5911,5910],"class_list":{"0":"post-1494","1":"post","2":"type-post","3":"status-publish","4":"format-standard","5":"hentry","6":"category-allgemeine","7":"tag-anwesenheit","8":"tag-aspekte","9":"tag-beginnen","10":"tag-besprechen","11":"tag-ein","12":"tag-innovativsten","13":"tag-leire","14":"tag-pajin","15":"tag-welt-tag","17":"et-doesnt-have-format-content","18":"et_post_format-et-post-format-standard"},"_links":{"self":[{"href":"https:\/\/www.best-dentist-dentistry.com\/de\/wp-json\/wp\/v2\/posts\/1494","targetHints":{"allow":["GET"]}}],"collection":[{"href":"https:\/\/www.best-dentist-dentistry.com\/de\/wp-json\/wp\/v2\/posts"}],"about":[{"href":"https:\/\/www.best-dentist-dentistry.com\/de\/wp-json\/wp\/v2\/types\/post"}],"author":[{"embeddable":true,"href":"https:\/\/www.best-dentist-dentistry.com\/de\/wp-json\/wp\/v2\/users\/1"}],"replies":[{"embeddable":true,"href":"https:\/\/www.best-dentist-dentistry.com\/de\/wp-json\/wp\/v2\/comments?post=1494"}],"version-history":[{"count":0,"href":"https:\/\/www.best-dentist-dentistry.com\/de\/wp-json\/wp\/v2\/posts\/1494\/revisions"}],"wp:attachment":[{"href":"https:\/\/www.best-dentist-dentistry.com\/de\/wp-json\/wp\/v2\/media?parent=1494"}],"wp:term":[{"taxonomy":"category","embeddable":true,"href":"https:\/\/www.best-dentist-dentistry.com\/de\/wp-json\/wp\/v2\/categories?post=1494"},{"taxonomy":"post_tag","embeddable":true,"href":"https:\/\/www.best-dentist-dentistry.com\/de\/wp-json\/wp\/v2\/tags?post=1494"}],"curies":[{"name":"wp","href":"https:\/\/api.w.org\/{rel}","templated":true}]}}