{"id":14987,"date":"2012-09-08T02:49:58","date_gmt":"2012-09-08T02:49:58","guid":{"rendered":null},"modified":"-0001-11-30T00:00:00","modified_gmt":"-0001-11-30T00:00:00","slug":"Das-Valencia-Feuer-entwickeln-sich-positiv","status":"publish","type":"post","link":"https:\/\/www.best-dentist-dentistry.com\/de\/Das-Valencia-Feuer-entwickeln-sich-positiv\/14987","title":{"rendered":"Das Valencia Feuer entwickeln sich positiv"},"content":{"rendered":"<p class=\"first\"> MADRID (Reuters) &#8211; zwei schwere Br\u00e4nden in der Provinz Valencia blieb mit aktiven Montag obwohl sie positiv entwickelt werden w\u00fcrde, sagte er ein leitender Valencia.<\/p>\n<p>Serafin, Berater des Innenministeriums, sagte, dass das Feuer im Cortes de Pall\u00e1s &#8220;stabilisierte und flammenlose&#8221;, und die zweite im Bereich der Andilla &#8220;positive Entwicklung&#8221; durch die \u00c4nderung der Wetterbedingungen ist.<\/p>\n<p>Siebenundvierzig luftgest\u00fctzten und terrestrischen 2.000 an der Arbeit der beiden schlimmsten Feuer in den letzten Jahren &#8211; Sch\u00e4tzungen zufolge teilnehmen k\u00f6nnten etwa 50.000 Hektar &#8211; verbrannt haben und begann, die in beiden F\u00e4llen durch Unachtsamkeit, nach vorl\u00e4ufigen Untersuchungen.<\/p>\n<p>Beh\u00f6rden haben verhaftete zwei Personen mit Bezug zu den Ursachen der Br\u00e4nde, die gezwungen waren, einige 3.000 Nachbarn zu evakuieren und schneiden Sie mehrere Gemeindestra\u00dfen.<\/p>\n<p>Das erste Feuer begann Donnerstag Nachmittag in der Gemeinde Cortes de Pall\u00e1s und 12 Gemeinden, betraf, w\u00e4hrend in Andilla, mit anderen 10 Gemeinden betroffenen, wenig mehr als 24 Stunden sp\u00e4ter brach und wurde in der Provinz Castell\u00f3n.<\/p>\n<p>Br\u00e4nde aufgetreten in der Mitte einer Hitzewelle mit H\u00f6hen in der N\u00e4he von 40 Grad die Beh\u00f6rden die Gefahr von Waldbr\u00e4nden in der Gemeinschaft am Freitag auf das Maximum erh\u00f6hen gef\u00fchrt.<\/p>\n<p>The Minister of Defense und Landwirtschaft und Umwelt, Pedro Morenes, Miguel Arias Ca\u00f1ete, besuchte am Montag zusammen mit Valencia Pr\u00e4sident Alberto Fabra, Gebiete um die Situation zu beurteilen.<\/p>\n<p>Eine dritte Feuer brach aus Sonntag nahe Hell\u00edn, Albacete, auf der Gemeinschaft Murcia ausgebreitet hat, also Stufe 2 Brandbek\u00e4mpfung, bei der das Eingreifen der staatlichen Medien, als das Milit\u00e4r, Notfall Einheit (UME) aktiviert ist.<\/p>\n<p>. Zwischen Januar und Mai 2012, in Spanien 10 Gro\u00dfbr\u00e4nde &#8211; stattgefunden haben, wenn sie mehr als 500 Hektar verbrannt. Insgesamt wurden verbrannt 49.738 Hektar, das schlechteste Abbildung seit 2002 in Brand, nach Angaben des Ministeriums f\u00fcr Umwelt und 8,252 Conatuses.<\/p>\n<p>Die Umweltsch\u00fctzer-Gruppe Greenpeace diese Woche behauptet, dass die aktuelle Hitzewelle und Klimawandel im letzten Jahrzehnt gelitten haben dazu beigetragen, das Risiko von Feuer im Bereich Levante.<\/p>\n<p>Greenpeace zitiert auch die l\u00e4ndlichen Verlassenheit und mangelnde Bewirtschaftung der W\u00e4lder, zu den Gr\u00fcnden, die das Risiko von Feuer, ohne die Anwesenheit des Menschen in der Natur und andere Ursachen wie z. B. Fahrl\u00e4ssigkeit, Unf\u00e4lle, Blitzschlag oder Brandstifter Aktion auszuschlie\u00dfen.<\/p>\n","protected":false},"excerpt":{"rendered":"<p>MADRID (Reuters) &#8211; zwei schwere Br\u00e4nden in der Provinz Valencia blieb mit aktiven Montag obwohl sie positiv entwickelt werden w\u00fcrde, sagte er ein leitender Valencia. Serafin, Berater des Innenministeriums, sagte, dass das Feuer im Cortes de Pall\u00e1s &#8220;stabilisierte und flammenlose&#8221;, und die zweite im Bereich der Andilla &#8220;positive Entwicklung&#8221; durch die \u00c4nderung der Wetterbedingungen ist. [&hellip;]<\/p>\n","protected":false},"author":1,"featured_media":0,"comment_status":"close","ping_status":"open","sticky":false,"template":"","format":"standard","meta":{"footnotes":""},"categories":[3],"tags":[],"class_list":["post-14987","post","type-post","status-publish","format-standard","hentry","category-allgemeine","et-doesnt-have-format-content","et_post_format-et-post-format-standard"],"_links":{"self":[{"href":"https:\/\/www.best-dentist-dentistry.com\/de\/wp-json\/wp\/v2\/posts\/14987","targetHints":{"allow":["GET"]}}],"collection":[{"href":"https:\/\/www.best-dentist-dentistry.com\/de\/wp-json\/wp\/v2\/posts"}],"about":[{"href":"https:\/\/www.best-dentist-dentistry.com\/de\/wp-json\/wp\/v2\/types\/post"}],"author":[{"embeddable":true,"href":"https:\/\/www.best-dentist-dentistry.com\/de\/wp-json\/wp\/v2\/users\/1"}],"replies":[{"embeddable":true,"href":"https:\/\/www.best-dentist-dentistry.com\/de\/wp-json\/wp\/v2\/comments?post=14987"}],"version-history":[{"count":0,"href":"https:\/\/www.best-dentist-dentistry.com\/de\/wp-json\/wp\/v2\/posts\/14987\/revisions"}],"wp:attachment":[{"href":"https:\/\/www.best-dentist-dentistry.com\/de\/wp-json\/wp\/v2\/media?parent=14987"}],"wp:term":[{"taxonomy":"category","embeddable":true,"href":"https:\/\/www.best-dentist-dentistry.com\/de\/wp-json\/wp\/v2\/categories?post=14987"},{"taxonomy":"post_tag","embeddable":true,"href":"https:\/\/www.best-dentist-dentistry.com\/de\/wp-json\/wp\/v2\/tags?post=14987"}],"curies":[{"name":"wp","href":"https:\/\/api.w.org\/{rel}","templated":true}]}}