{"id":15040,"date":"2012-09-09T02:37:53","date_gmt":"2012-09-09T02:37:53","guid":{"rendered":null},"modified":"-0001-11-30T00:00:00","modified_gmt":"-0001-11-30T00:00:00","slug":"environmentalists-warn-of-irreparable-damage-due-to-climate-change","status":"publish","type":"post","link":"https:\/\/www.best-dentist-dentistry.com\/de\/environmentalists-warn-of-irreparable-damage-due-to-climate-change\/15040","title":{"rendered":"Umweltsch\u00fctzer warnen vor irreparablen Sch\u00e4den durch Klimawandel"},"content":{"rendered":"<p class=\"first\"> Berlin, 24. Mai (EFE).-<span class=\"yshortcuts\" id=\"lw_1337859137_7\"> Umweltorganisationen<\/span> warnen vor irreparablen Sch\u00e4den, auf globaler Ebene, durch den <span class=\"yshortcuts\" id=\"lw_1337859137_1\"> Klimawandel<\/span> unkontrolliert, in einem Bericht ver\u00f6ffentlicht heute auf einer Konferenz der Vereinten Nationen, die morgen in der deutschen Stadt Bonn geschlossen wird.<\/p>\n<p>Im Dokument dargestellt in Bonn, Organisationen, Pflege, WWF, Germanwatch und ActionAid verweisen vor allem auf die Gefahr, die die biologische Vielfalt und anderen nat\u00fcrlichen Ressourcen sowie den erheblichen Verlust von Menschenleben und Territorien, l\u00e4uft wenn Sie diese ungez\u00fcgelte fortgefahren.<\/p>\n<p>Zwei Wochen Konferenz, er\u00f6ffnet den vergangenen Tag 14 um einen Fahrplan f\u00fcr ein globales Abkommen zum Klimawandel, zeigt einmal mehr zu diskutieren, die auch Ma\u00dfnahmen zur Bek\u00e4mpfung der globalen Erw\u00e4rmung fehlgeschlagen sind, k\u00fcndigen die \u00d6kologen.<\/p>\n<p>Klimawandel, die f\u00fchrt schnell, bewegt sich auch mehr Naturkatastrophen, Hungersnot und Migrationsbewegungen, f\u00fcgt den Bericht.<\/p>\n<p>Wenn sofortige umfassende Ma\u00dfnahmen nicht ergriffen werden, um Treibhausgasemissionen zu reduzieren, wird der Planet in Zukunft zwischen vier und sechs Grad Celsius, die das vereinbarte Ziel der Begrenzung der globalen Erw\u00e4rmung auf maximal zwei Grad dieses Jahrhunderts \u00fcberschreiten w\u00fcrde warm.<\/p>\n<p>Nach der Aktivisten, die Folgen sind erschreckend: eher konservative Sch\u00e4tzungen sprechen von fast 2 Milliarden Dollar (1,60 Milliarden Euro) nicht nur wirtschaftliche Kosten bis zum Jahr 2060, geschweige denn fast unm\u00f6glich zu beurteilen, Biodiversit\u00e4t und \u00d6kosysteme Verluste.<\/p>\n<p>&#8220;Aktuelle politische Verpflichtungen entsprechen nicht der wirtschaftlichen Realit\u00e4t,&#8221;, sagte der Koordinator \u00fcber Klima\u00e4nderungen von CARE International, Kit Vaughan.<\/p>\n<p>Liegen alle Sch\u00e4den und Verluste, es ist unm\u00f6glich, wieder im Uhrzeigersinn, roll hinzugef\u00fcgt der Experte des WWF Sandeep Chamling Rai.<\/p>\n<p>&#8220;Nein k\u00f6nnen die Verluste an Biodiversit\u00e4t und \u00d6kosysteme einfach mit Geld entgegenwirken.&#8221; &#8220;Was ist zerst\u00f6rt, zerst\u00f6rt wird,&#8221; betonte.<\/p>\n<p>Nach der Umweltsch\u00fctzer die Nationen und Regionen die m\u00f6glichen Dimension dieser Sch\u00e4den und Verluste bewusst werden m\u00fcssen und Gesicht zur\u00fcck.<\/p>\n<p>Auf der Konferenz, Vorbereitung der bevorstehenden Weltgipfel \u00fcber Klimawandel, die in Katar zwischen 26. November und 7. Dezember stattfinden wird, Umweltsch\u00fctzer aus der ganzen Welt haben behandelt die Vereinbarung, die das Kyoto-Protokoll ersetzen soll, die das Ende des Jahres ausl\u00e4uft.<\/p>\n<p>In Bonn, begann der Prozess der Aushandlung f\u00fchrende bis 2015 um ein globales Abkommen zum Klimawandel in verbindlich f\u00fcr alle L\u00e4nder &#8211; mit Inkrafttreten mehr 2020 &#8211; und f\u00fcr die zun\u00e4chst eine Stra\u00dfenkarte und eine detaillierte Arbeitsprogramm in den R\u00e4umlichkeiten der Durban, gestellt werden sollten.<\/p>\n<p>Zeit ist bereits zu beobachten, dass nicht alle Industriel\u00e4nder, die Kyoto beigetreten im neuen Abkommen teilnehmen werden und somit das Gewicht \u00fcber die Europ\u00e4ische Union fallen wird.<\/p>\n<p>Das Ziel des Kyoto-Protokolls ab 2013 ist die Schaffung eine Br\u00fccke bis zum Inkrafttreten des globalen Abkommens \u00fcber Klima\u00e4nderungen.<\/p>\n<p>Die G\u00fcltigkeit dieser &#8220;Kyoto II&#8221; &#8211; bis 2017 oder 2020- und anderen, einer der Punkte der Diskussion ist jedoch, wie die geplante Verringerung der Treibhausgase strukturiert. EFE<\/p>\n","protected":false},"excerpt":{"rendered":"<p>Berlin, 24. Mai (EFE).- Umweltorganisationen warnen vor irreparablen Sch\u00e4den, auf globaler Ebene, durch den Klimawandel unkontrolliert, in einem Bericht ver\u00f6ffentlicht heute auf einer Konferenz der Vereinten Nationen, die morgen in der deutschen Stadt Bonn geschlossen wird. Im Dokument dargestellt in Bonn, Organisationen, Pflege, WWF, Germanwatch und ActionAid verweisen vor allem auf die Gefahr, die die [&hellip;]<\/p>\n","protected":false},"author":1,"featured_media":0,"comment_status":"close","ping_status":"open","sticky":false,"template":"","format":"standard","meta":{"footnotes":""},"categories":[3],"tags":[26269,26270],"class_list":["post-15040","post","type-post","status-publish","format-standard","hentry","category-allgemeine","tag-aufgewachsen","tag-irreparablen","et-doesnt-have-format-content","et_post_format-et-post-format-standard"],"_links":{"self":[{"href":"https:\/\/www.best-dentist-dentistry.com\/de\/wp-json\/wp\/v2\/posts\/15040","targetHints":{"allow":["GET"]}}],"collection":[{"href":"https:\/\/www.best-dentist-dentistry.com\/de\/wp-json\/wp\/v2\/posts"}],"about":[{"href":"https:\/\/www.best-dentist-dentistry.com\/de\/wp-json\/wp\/v2\/types\/post"}],"author":[{"embeddable":true,"href":"https:\/\/www.best-dentist-dentistry.com\/de\/wp-json\/wp\/v2\/users\/1"}],"replies":[{"embeddable":true,"href":"https:\/\/www.best-dentist-dentistry.com\/de\/wp-json\/wp\/v2\/comments?post=15040"}],"version-history":[{"count":0,"href":"https:\/\/www.best-dentist-dentistry.com\/de\/wp-json\/wp\/v2\/posts\/15040\/revisions"}],"wp:attachment":[{"href":"https:\/\/www.best-dentist-dentistry.com\/de\/wp-json\/wp\/v2\/media?parent=15040"}],"wp:term":[{"taxonomy":"category","embeddable":true,"href":"https:\/\/www.best-dentist-dentistry.com\/de\/wp-json\/wp\/v2\/categories?post=15040"},{"taxonomy":"post_tag","embeddable":true,"href":"https:\/\/www.best-dentist-dentistry.com\/de\/wp-json\/wp\/v2\/tags?post=15040"}],"curies":[{"name":"wp","href":"https:\/\/api.w.org\/{rel}","templated":true}]}}