{"id":1506,"date":"2013-09-14T11:08:22","date_gmt":"2013-09-14T11:08:22","guid":{"rendered":null},"modified":"2013-09-14T11:08:22","modified_gmt":"2013-09-14T11:08:22","slug":"the-general-council-of-apticos-optometristas-schools-meets-ana-pastor","status":"publish","type":"post","link":"https:\/\/www.best-dentist-dentistry.com\/de\/the-general-council-of-apticos-optometristas-schools-meets-ana-pastor\/1506","title":{"rendered":"Der Erweiterte Rat der \u00d3pticos Optometristas Schulen entspricht Ana Pastor."},"content":{"rendered":"<p><strong>Die allgemeine \u00d3pticos-Optometristas-Schulen, die Tagung des Rates mit Ana Pastor.<\/strong> <\/p>\n<p><font size=\"2\"> <strong>el Partido Popular wird in Erw\u00e4gung ziehen in die Wahlprogramm die M\u00f6glichkeit die Sonnenbrille als Produkt Gesundheit. <br \/><\/strong> <\/p>\n<p>-Vice President zweiten Kongress der Abgeordneten und koordinierende Beteiligung und Soziales Handeln von der Volkspartei hat sich verpflichtet, ihre Vorschl\u00e4ge in der \u00d3ptico-Optom\u00e9trico-Sehfeld zur Ausarbeitung von Wahlprogramm PP studieren <\/p>\n<p> <strong>Madrid, 2011-September<\/strong> Koordinator der Beteiligung und Soziales Handeln von der Volkspartei und zweiter Vizepr\u00e4sident des Abgeordnetenkongress, Ana Pastor, erf\u00fcllt sich in seinem B\u00fcro in das Abgeordnetenhaus mit Vertretern des Generalrats der \u00d3pticos-Optometristas-Schulen, ihre Vorschl\u00e4ge zur Ausarbeitung das Wahlprogramm der PP f\u00fcr die n\u00e4chsten Wahlen zu studieren. Dieses Treffen ist Teil der arbeiten, die Volkspartei mit verschiedenen Gesundheit Interessengruppen entwickelt wird. <\/p>\n<p>Pfarrer hat &#8220;gro\u00dfen Entt\u00e4uschung&#8221; mit der sozialistischen Regierung zum Ausdruck gebracht. Trotz Bargeld mit vier Gesundheitsminister w\u00e4hrend dieser Executive, &#8220;das Gesetz \u00fcber die Verwaltung von Gesundheitsberufen, Spezialit\u00e4ten oder Bereiche der spezifischen Ausbildung entwickelt wurde, noch es vertieft \u00fcber das Kompetenzniveau der Gesundheitsberufe&#8221;, sagte er. <\/p>\n<p>So erinnert er, dass die PP mit alle Gesundheitsberufe, auch mit der \u00d3pticos-Optometristas, arbeitet, um ihre Vorschl\u00e4ge, wie das Auge und Auge Rezept der Verschreibung, f\u00fcr mehr Sicherheit f\u00fcr Patienten zu analysieren. <\/p>\n<p>Dar\u00fcber hinaus hat es die Rolle des Sektors bei der Pr\u00e4vention von Augenprobleme hervorgehoben, zur gleichen Zeit, die, die hervorgehoben hat, gibt es Autonome Gemeinschaften, die zu einer Einigung gekommen sind, so dass die \u00d3pticos-Optometristas in diesem Papier mehr haben. &#8220;Die PP hat einen Vorschlag zur Verh\u00fctung der Amblyopie oder Lazy Eye, mit eine fr\u00fchzeitige Diagnose kann behandelt werden, bei Kindern,&#8221; f\u00fcgte er hinzu. <\/p>\n<p>Der allgemeine Rat \u00d3pticos-Optometristas-Schulen hat vorgeschlagen, unter anderem aus Gr\u00fcnden der Gesundheitssicherheit, \u00e4ndern Sie die Ber\u00fccksichtigung der Sonnenbrillen des EPI, medizinisches Ger\u00e4t, als auch eine Verordnung die einzelnen Sonnenbrille oder eine Normalisierung und unter gewidmet Grundversorgung in okul\u00e4re und visuelle Gesundheit im Bereich der Sonnenschutz Gesundheitswesen unterst\u00fctzen. <\/p>\n<p>Die Sprecher des Gesundheitsausschusses, Mario Mingo, PP hat ihrerseits detaillierte wurden, w\u00e4hrend dieser Wahlperiode ist die zusammen mit der Erweiterte Rat der \u00d3pticos-Optometristas-Schulen in die m\u00f6gliche Anwendung und Entwicklung der Medikamente Act, in Bezug auf verschiedene Medikamente, die f\u00fcr ihre \u00fcblichen Arbeit erforderlich sind. <\/p>\n<p><\/font><\/p>\n","protected":false},"excerpt":{"rendered":"<p>Die allgemeine \u00d3pticos-Optometristas-Schulen, die Tagung des Rates mit Ana Pastor. el Partido Popular wird in Erw\u00e4gung ziehen in die Wahlprogramm die M\u00f6glichkeit die Sonnenbrille als Produkt Gesundheit. -Vice President zweiten Kongress der Abgeordneten und koordinierende Beteiligung und Soziales Handeln von der Volkspartei hat sich verpflichtet, ihre Vorschl\u00e4ge in der \u00d3ptico-Optom\u00e9trico-Sehfeld zur Ausarbeitung von Wahlprogramm PP [&hellip;]<\/p>\n","protected":false},"author":1,"featured_media":0,"comment_status":"close","ping_status":"open","sticky":false,"template":"","format":"standard","meta":{"footnotes":""},"categories":[3],"tags":[5988,5987,5986,5989],"class_list":["post-1506","post","type-post","status-publish","format-standard","hentry","category-allgemeine","tag-ana","tag-pticos-optometristas-schulen","tag-lymphoms","tag-pastor","et-doesnt-have-format-content","et_post_format-et-post-format-standard"],"_links":{"self":[{"href":"https:\/\/www.best-dentist-dentistry.com\/de\/wp-json\/wp\/v2\/posts\/1506","targetHints":{"allow":["GET"]}}],"collection":[{"href":"https:\/\/www.best-dentist-dentistry.com\/de\/wp-json\/wp\/v2\/posts"}],"about":[{"href":"https:\/\/www.best-dentist-dentistry.com\/de\/wp-json\/wp\/v2\/types\/post"}],"author":[{"embeddable":true,"href":"https:\/\/www.best-dentist-dentistry.com\/de\/wp-json\/wp\/v2\/users\/1"}],"replies":[{"embeddable":true,"href":"https:\/\/www.best-dentist-dentistry.com\/de\/wp-json\/wp\/v2\/comments?post=1506"}],"version-history":[{"count":0,"href":"https:\/\/www.best-dentist-dentistry.com\/de\/wp-json\/wp\/v2\/posts\/1506\/revisions"}],"wp:attachment":[{"href":"https:\/\/www.best-dentist-dentistry.com\/de\/wp-json\/wp\/v2\/media?parent=1506"}],"wp:term":[{"taxonomy":"category","embeddable":true,"href":"https:\/\/www.best-dentist-dentistry.com\/de\/wp-json\/wp\/v2\/categories?post=1506"},{"taxonomy":"post_tag","embeddable":true,"href":"https:\/\/www.best-dentist-dentistry.com\/de\/wp-json\/wp\/v2\/tags?post=1506"}],"curies":[{"name":"wp","href":"https:\/\/api.w.org\/{rel}","templated":true}]}}