{"id":15063,"date":"2012-09-09T02:42:25","date_gmt":"2012-09-09T02:42:25","guid":{"rendered":null},"modified":"-0001-11-30T00:00:00","modified_gmt":"-0001-11-30T00:00:00","slug":"feijoo-advocates-there-is-sufficient-specialists-in-the-galician-health-for-care-for-elders","status":"publish","type":"post","link":"https:\/\/www.best-dentist-dentistry.com\/de\/feijoo-advocates-there-is-sufficient-specialists-in-the-galician-health-for-care-for-elders\/15063","title":{"rendered":"Feijoo bef\u00fcrwortet, da\u00df es &#8220;ausreichende&#8221; Spezialisten in der galicischen Gesundheit Pflege f\u00fcr Senioren"},"content":{"rendered":"<p class=\"first\"> SANTIAGO DE COMPOSTELA, 7 (EUROPA PRESS)<\/p>\n<p>Der Pr\u00e4sident der Xunta de Galicia, Alberto N\u00fa\u00f1ez Feij\u00f3o, hat argumentiert, dass Krankenh\u00e4user und Grundversorgung der Community-Zentren haben genug Spezialisten an &#8220;alle&#8221; Gallegos &#8220;unabh\u00e4ngig von ihrem Alter&#8221;, sobald Experten in geriatrischen Alertasen am letzten Tag, dass Galicien ist nicht &#8220;gut&#8221; verwalteten Ressourcen in diesem Bereich.<\/p>\n<p>Vor allem bei der Pr\u00e4sentation des Kongresses der spanischen Gesellschaft f\u00fcr Geriatrie, ihr Pr\u00e4sident, Arzt Pedro Gil exemplifiziert die begrenzte Ausbildung der Gemeinschaft Kapazit\u00e4t und erkl\u00e4rt, das nur zwei Krankenh\u00e4user mit Service von Geriatrie, Meixoeiro in Vigo und den Lucus Augusti, Lugo, bilden &#8220;j\u00e4hrlich nur zwei oder drei Bewohner&#8221;.<\/p>\n<p>Thereon, Feijoo hat darauf hingewiesen, dass es eine technische Diskussion &#8220;lange Zeit&#8221; unter Fachleuten in Gerontologie und Innere Medizin, ist da die zweiten Thema Spezialisten verstehen &#8220;Wer sind die ausreichend bef\u00e4higt und ausgebildete Patienten von fortgeschrittenen Alters zu dienen&#8221;.<\/p>\n<p>, Nach \u00dcbermittlung ihrer &#8220;respektieren&#8221;, Gerontologen, hat darauf hingewiesen, dass Galicien hat &#8220;ein Verh\u00e4ltnis h\u00f6her als der durchschnittliche Innere Medizin&#8221; und hat im galizischen Krankenh\u00e4user verteidigt und Grundversorgung dort &#8220;ausreichend&#8221; Spezialisten ist &#8220;alle Galicier&#8221;, unabh\u00e4ngig von ihrem Alter teilnehmen.<\/p>\n<p>Diskussionen zwischen Spezialit\u00e4ten wurde weitergeleitet an die Beh\u00f6rden des Ministeriums f\u00fcr Industrie, &#8220;Was sind Kompetenzen&#8221; der einzelnen zu unterscheiden.<\/p>\n","protected":false},"excerpt":{"rendered":"<p>SANTIAGO DE COMPOSTELA, 7 (EUROPA PRESS) Der Pr\u00e4sident der Xunta de Galicia, Alberto N\u00fa\u00f1ez Feij\u00f3o, hat argumentiert, dass Krankenh\u00e4user und Grundversorgung der Community-Zentren haben genug Spezialisten an &#8220;alle&#8221; Gallegos &#8220;unabh\u00e4ngig von ihrem Alter&#8221;, sobald Experten in geriatrischen Alertasen am letzten Tag, dass Galicien ist nicht &#8220;gut&#8221; verwalteten Ressourcen in diesem Bereich. Vor allem bei der [&hellip;]<\/p>\n","protected":false},"author":1,"featured_media":0,"comment_status":"close","ping_status":"open","sticky":false,"template":"","format":"standard","meta":{"footnotes":""},"categories":[3],"tags":[26291],"class_list":["post-15063","post","type-post","status-publish","format-standard","hentry","category-allgemeine","tag-verdreifachen","et-doesnt-have-format-content","et_post_format-et-post-format-standard"],"_links":{"self":[{"href":"https:\/\/www.best-dentist-dentistry.com\/de\/wp-json\/wp\/v2\/posts\/15063","targetHints":{"allow":["GET"]}}],"collection":[{"href":"https:\/\/www.best-dentist-dentistry.com\/de\/wp-json\/wp\/v2\/posts"}],"about":[{"href":"https:\/\/www.best-dentist-dentistry.com\/de\/wp-json\/wp\/v2\/types\/post"}],"author":[{"embeddable":true,"href":"https:\/\/www.best-dentist-dentistry.com\/de\/wp-json\/wp\/v2\/users\/1"}],"replies":[{"embeddable":true,"href":"https:\/\/www.best-dentist-dentistry.com\/de\/wp-json\/wp\/v2\/comments?post=15063"}],"version-history":[{"count":0,"href":"https:\/\/www.best-dentist-dentistry.com\/de\/wp-json\/wp\/v2\/posts\/15063\/revisions"}],"wp:attachment":[{"href":"https:\/\/www.best-dentist-dentistry.com\/de\/wp-json\/wp\/v2\/media?parent=15063"}],"wp:term":[{"taxonomy":"category","embeddable":true,"href":"https:\/\/www.best-dentist-dentistry.com\/de\/wp-json\/wp\/v2\/categories?post=15063"},{"taxonomy":"post_tag","embeddable":true,"href":"https:\/\/www.best-dentist-dentistry.com\/de\/wp-json\/wp\/v2\/tags?post=15063"}],"curies":[{"name":"wp","href":"https:\/\/api.w.org\/{rel}","templated":true}]}}