{"id":15088,"date":"2012-09-09T02:48:53","date_gmt":"2012-09-09T02:48:53","guid":{"rendered":null},"modified":"-0001-11-30T00:00:00","modified_gmt":"-0001-11-30T00:00:00","slug":"doctors-removed-ventilatory-assistance-to-the-colombian-vice-president","status":"publish","type":"post","link":"https:\/\/www.best-dentist-dentistry.com\/de\/doctors-removed-ventilatory-assistance-to-the-colombian-vice-president\/15088","title":{"rendered":"\u00c4rzte entfernt &#8220;ventilatory Hilfe&#8221; zu den kolumbianischen Vizepr\u00e4sidenten"},"content":{"rendered":"<p class=\"first\"> Bogota, 27 jun (EFE).-das medizinische Personal, das an der kolumbianischen Vizepr\u00e4sident Angelino Garzon, beachtet zog &#8220;ventilatory Unterst\u00fctzung, obwohl kontinuierliche Einheit der Intensivstation (ICU) Klinik Reina Sofia de Bogot\u00e1, wo er am 14. Juni trat, heute die Einrichtung gemeldet.<\/p>\n<p>Garz\u00f3n, 65, &#8220;ist sich bewusst und ehemaliger mechanische ventilatory Support&#8221; und weiter &#8220;unter strenger medizinischer Kontrolle&#8221; und &#8220;ganzheitliche Rehabilitation-Prozess&#8221;, laut einer Pressemitteilung verteilt Mittwoch.<\/p>\n<p>Klinische K\u00f6nigin Sofia f\u00fcgte hinzu, dass im Falle der etwas Neues in die Gesundheit es rechtzeitig, vorherige Genehmigung Garz\u00f3n Familie teilt.<\/p>\n<p>Der Vergangenheit 21, Garz\u00f3n wurde ausgesetzt &#8220;Gehirn erholend&#8221; induzierte zur Vermeidung eine m\u00f6gliche Verschlechterung der Gebiet betroffen von der Verletzung, das Mittelhirn, die lebenswichtige Funktionen gef\u00e4hrdet, laut \u00c4rzte.<\/p>\n<p>Dies ist die zweite Komplikation ist Ernst Garzon Gesundheit, da \u00fcbernahm er die Vizepr\u00e4sidentschaft Kolumbien am 7. August 2010, als er seinem Herzleiden litt und er operiert, die ihn f\u00fcr mehrere Wochen arbeitsunf\u00e4hig gehalten. EFE<\/p>\n","protected":false},"excerpt":{"rendered":"<p>Bogota, 27 jun (EFE).-das medizinische Personal, das an der kolumbianischen Vizepr\u00e4sident Angelino Garzon, beachtet zog &#8220;ventilatory Unterst\u00fctzung, obwohl kontinuierliche Einheit der Intensivstation (ICU) Klinik Reina Sofia de Bogot\u00e1, wo er am 14. Juni trat, heute die Einrichtung gemeldet. Garz\u00f3n, 65, &#8220;ist sich bewusst und ehemaliger mechanische ventilatory Support&#8221; und weiter &#8220;unter strenger medizinischer Kontrolle&#8221; und [&hellip;]<\/p>\n","protected":false},"author":1,"featured_media":0,"comment_status":"close","ping_status":"open","sticky":false,"template":"","format":"standard","meta":{"footnotes":""},"categories":[3],"tags":[26314],"class_list":["post-15088","post","type-post","status-publish","format-standard","hentry","category-allgemeine","tag-gesundheitsrecht","et-doesnt-have-format-content","et_post_format-et-post-format-standard"],"_links":{"self":[{"href":"https:\/\/www.best-dentist-dentistry.com\/de\/wp-json\/wp\/v2\/posts\/15088","targetHints":{"allow":["GET"]}}],"collection":[{"href":"https:\/\/www.best-dentist-dentistry.com\/de\/wp-json\/wp\/v2\/posts"}],"about":[{"href":"https:\/\/www.best-dentist-dentistry.com\/de\/wp-json\/wp\/v2\/types\/post"}],"author":[{"embeddable":true,"href":"https:\/\/www.best-dentist-dentistry.com\/de\/wp-json\/wp\/v2\/users\/1"}],"replies":[{"embeddable":true,"href":"https:\/\/www.best-dentist-dentistry.com\/de\/wp-json\/wp\/v2\/comments?post=15088"}],"version-history":[{"count":0,"href":"https:\/\/www.best-dentist-dentistry.com\/de\/wp-json\/wp\/v2\/posts\/15088\/revisions"}],"wp:attachment":[{"href":"https:\/\/www.best-dentist-dentistry.com\/de\/wp-json\/wp\/v2\/media?parent=15088"}],"wp:term":[{"taxonomy":"category","embeddable":true,"href":"https:\/\/www.best-dentist-dentistry.com\/de\/wp-json\/wp\/v2\/categories?post=15088"},{"taxonomy":"post_tag","embeddable":true,"href":"https:\/\/www.best-dentist-dentistry.com\/de\/wp-json\/wp\/v2\/tags?post=15088"}],"curies":[{"name":"wp","href":"https:\/\/api.w.org\/{rel}","templated":true}]}}