{"id":15122,"date":"2012-09-09T03:29:04","date_gmt":"2012-09-09T03:29:04","guid":{"rendered":null},"modified":"-0001-11-30T00:00:00","modified_gmt":"-0001-11-30T00:00:00","slug":"the-codinucova-is-involved-in-the-health-of-moncadas-fair-v","status":"publish","type":"post","link":"https:\/\/www.best-dentist-dentistry.com\/de\/the-codinucova-is-involved-in-the-health-of-moncadas-fair-v\/15122","title":{"rendered":"Die CODINUCOVA ist die Gesundheit der Moncada fair v beteiligt."},"content":{"rendered":"<p><strong>Die CODINUCOVA beteiligt sich an der V-Messe von la Moncada Gesundheit.<\/strong><\/p>\n<p> <font size=\"2\"> <strong>Valencia, September 2012.-<\/strong> heute Samstag 8. September, dem offiziellen College der Ern\u00e4hrungsberater und Ern\u00e4hrungswissenschaftler der Region Valencia (CODiNuCoVa) werden in die Moncada Gesundheit fair, ein Ereignis, das mit Absicht von verschiedenen Fachleuten, mobilisiert Interesse an Fragen der Gesundheit auf praktische Weise zu pr\u00e4sentieren und f\u00f6rdern Gesundes Leben Gewohnheiten. <\/p>\n<p align=\"center\"><img loading=\"lazy\" decoding=\"async\" title=\"\" height=\"338\" alt=\"\" src=\"http:\/\/www.best-dentist-dentistry.com\/best-dentist-images\/translateapiexception-ip-is-over-the-quota-id1035v2jsontranslate16399347.jpg\" width=\"261\" align=\"baseline\" border=\"0\"\/><\/p>\n<p><em>D&ntilde;a Alma Palau Ferr&eacute;, presidenta del CODINUCOVA<\/em><\/p>\n<p>La feria tendr&aacute; lugar hoy s&aacute;bado&nbsp;8 de septiembre en la Avda. Mediterr&aacute;nea de 11 a 14 horas y de 17 a 21 horas y contar&aacute; entre otros, con un taller de alimentaci&oacute;n dirigido a los adultos y otro para los m&aacute;s peque&ntilde;os de la casa. Der Stand wird von Dietistas-Nutricionistas besucht werden. <\/p>\n<p align=\"center\"><img loading=\"lazy\" decoding=\"async\" title=\"\" height=\"338\" alt=\"\" src=\"http:\/\/www.best-dentist-dentistry.com\/best-dentist-images\/translateapiexception-ip-is-over-the-quota-id1035v2jsontranslate16399347.jpg\" width=\"239\" align=\"baseline\" border=\"0\"\/><\/p>\n<p><em>Cartel del evento<\/em><\/p>\n<p>Las actividades que presentar&aacute; el CODiNuCoVa est&aacute;n enmarcadas en el convenio firmado con la Concejal&iacute;a de Sanidad del Ayuntamiento de Moncada, ambas partes, con el objetivo de fomentar la educaci&oacute;n de h&aacute;bitos alimentarios adecuados entre la poblaci&oacute;n, como herramienta de prevenci&oacute;n de enfermedades. <\/p>\n<p align=\"center\"><img loading=\"lazy\" decoding=\"async\" title=\"\" height=\"307\" alt=\"\" src=\"http:\/\/www.best-dentist-dentistry.com\/best-dentist-images\/translateapiexception-ip-is-over-the-quota-id1035v2jsontranslate16399347.jpg\" width=\"450\" align=\"baseline\" border=\"0\"\/><\/p>\n<p><em>Alcalde de Moncada<\/em><\/p>\n<p>En el st&aacute;nd Ense&ntilde;ando a comer&#8221;, los adultos podr&aacute;n valorar su dieta y peso corporal, y los ni&ntilde;os, aprender&aacute;n a comer sano mientras juegan, todo ello dirigido y con el asesoramiento de dietistas-nutricionistas. <\/p>\n<p>Wir hoffen, dass diese T\u00e4tigkeit einen gro\u00dfen Empfang hat und dass es in k\u00fcnftigen Ausgaben wiederholt werden kann. <\/p>\n<p><\/font><\/p>\n","protected":false},"excerpt":{"rendered":"<p>Die CODINUCOVA beteiligt sich an der V-Messe von la Moncada Gesundheit. Valencia, September 2012.- heute Samstag 8. September, dem offiziellen College der Ern\u00e4hrungsberater und Ern\u00e4hrungswissenschaftler der Region Valencia (CODiNuCoVa) werden in die Moncada Gesundheit fair, ein Ereignis, das mit Absicht von verschiedenen Fachleuten, mobilisiert Interesse an Fragen der Gesundheit auf praktische Weise zu pr\u00e4sentieren und [&hellip;]<\/p>\n","protected":false},"author":1,"featured_media":0,"comment_status":"close","ping_status":"open","sticky":false,"template":"","format":"standard","meta":{"footnotes":""},"categories":[3],"tags":[],"class_list":["post-15122","post","type-post","status-publish","format-standard","hentry","category-allgemeine","et-doesnt-have-format-content","et_post_format-et-post-format-standard"],"_links":{"self":[{"href":"https:\/\/www.best-dentist-dentistry.com\/de\/wp-json\/wp\/v2\/posts\/15122","targetHints":{"allow":["GET"]}}],"collection":[{"href":"https:\/\/www.best-dentist-dentistry.com\/de\/wp-json\/wp\/v2\/posts"}],"about":[{"href":"https:\/\/www.best-dentist-dentistry.com\/de\/wp-json\/wp\/v2\/types\/post"}],"author":[{"embeddable":true,"href":"https:\/\/www.best-dentist-dentistry.com\/de\/wp-json\/wp\/v2\/users\/1"}],"replies":[{"embeddable":true,"href":"https:\/\/www.best-dentist-dentistry.com\/de\/wp-json\/wp\/v2\/comments?post=15122"}],"version-history":[{"count":0,"href":"https:\/\/www.best-dentist-dentistry.com\/de\/wp-json\/wp\/v2\/posts\/15122\/revisions"}],"wp:attachment":[{"href":"https:\/\/www.best-dentist-dentistry.com\/de\/wp-json\/wp\/v2\/media?parent=15122"}],"wp:term":[{"taxonomy":"category","embeddable":true,"href":"https:\/\/www.best-dentist-dentistry.com\/de\/wp-json\/wp\/v2\/categories?post=15122"},{"taxonomy":"post_tag","embeddable":true,"href":"https:\/\/www.best-dentist-dentistry.com\/de\/wp-json\/wp\/v2\/tags?post=15122"}],"curies":[{"name":"wp","href":"https:\/\/api.w.org\/{rel}","templated":true}]}}