{"id":1514,"date":"2013-09-19T11:10:31","date_gmt":"2013-09-19T11:10:31","guid":{"rendered":null},"modified":"2013-09-19T11:10:31","modified_gmt":"2013-09-19T11:10:31","slug":"in-andalusia-it-is-estimated-that-30-of-patients-with-alzheimers-disease-is-still-undiagnosed","status":"publish","type":"post","link":"https:\/\/www.best-dentist-dentistry.com\/de\/in-andalusia-it-is-estimated-that-30-of-patients-with-alzheimers-disease-is-still-undiagnosed\/1514","title":{"rendered":"In Andalusien wird es gesch\u00e4tzt, dass 30 % der Patienten mit Alzheimer Krankheit noch nicht diagnostiziert ist."},"content":{"rendered":"<p><strong>De Andaluc\u00eda, es wird gesch\u00e4tzt, dass 30 % der Patienten mit Alzheimer-Krankheit noch nicht diagnostizierten ist.<\/strong> <\/p>\n<p><font size=\"2\"> &#8211; unter dem Motto  jede Diagnose, eine Person &#8221; findet morgen die Tag-Welt der Alzheimers, eine degenerative Gehirn-Krankheit, die eine 4.2 bis 6 % der spanischen Bev\u00f6lkerung \u00fcber 65 betrifft <\/p>\n<p>-der andalusischen-Gesellschaft f\u00fcr Neurologie empfehlen  die das Gesundheitssystem haben gr\u00f6\u00dfere Ressourcen die Neurologie-Dienstleistungen-Demenz-Einheiten, Verbesserung die Fr\u00fcherkennung von Patienten und die Qualit\u00e4t der Gesundheitsversorgung &#8221; <\/p>\n<p> <strong>Sevilla, 2011-September<\/strong> 21 September wird gefeiert unter dem Motto  jede Diagnose, eine Person &#8221; Tag weltweit die Alzheimer, eine degenerative Gehirn-Krankheit, charakterisiert durch Verschlechterung der geistigen oder kognitive Funktionen langsam nat\u00fcrlichProgressive und multifaktorielle Ursache. Aktuellen Studien zufolge beeintr\u00e4chtigt eine 4.2-6 % der spanischen Bev\u00f6lkerung war 65 Jahre oder \u00e4lter. In Andalusien, jedoch die Zahl der Menschen, die leiden an dieser Krankheit ist schwieriger zu definieren, da sagt Arzt F\u00e9lix Vi\u00f1uela, Neurologe der andalusischen Gesellschaft f\u00fcr Neurologie (SAN),  Sch\u00e4tzungen zufolge gibt es immer noch 30 % der Patienten ohne definitive Diagnose, die wird eine Herausforderung gel\u00f6st werden &#8221;. <\/p>\n<p>Der Neurologe in der Saint warnt, dass in unserer Gemeinschaft  ist Miss mehr institutionelle Unterst\u00fctzung f\u00fcr die klinische Forschung bei Alzheimer-Krankheit. Diese Ressourcen nicht nur w\u00e4re jedoch Pioniere in Forschung und Entwicklung auf nationaler Ebene, und auch internationale, aber es w\u00e4re sehr positiv direkte Auswirkungen auf die Qualit\u00e4t der Pflege und es w\u00e4re ein Generator von Reichtum und Wertsch\u00f6pfung in Andalusien &#8221;. <\/p>\n<p>Daher der Arzt Vi\u00f1uela darauf, dass verweist  w\u00e4re ratsam, dass das sanit\u00e4re-System mehr Ressourcen an die Neurologie Dienstleistungen Demenz-Einheiten zur Verbesserung der Qualit\u00e4t der Gesundheitsversorgung Gesicht &#8221;. <\/p>\n<p><strong>Neuigkeiten und Behandlungen<\/strong> <\/p>\n<p>\u00dcber die neuesten Entwicklungen der Neurologe schl\u00e4gt vor, dass  wurden die neuen Kriterien f\u00fcr die klinische Diagnose Demenz-Alzheimer-Typ, \u00dcberarbeitung, die fr\u00fcheren Datierung vor 27 Jahren ver\u00f6ffentlicht. Dazu geh\u00f6ren neue Erg\u00e4nzende diagnostische Techniken, mit denen die Verwirklichung der Fr\u00fcherkennung genauer &#8221;. <\/p>\n<p>Dar\u00fcber hinaus der Spezialist bezieht sich auf die Behandlung f\u00fcr diese Krankheit.  betonen die Bedeutung der Fortschritte in dieser Behandlungen, da diese Krankheit eng mit Alter verwandt ist. Die Bev\u00f6lkerungsalterung der der westlichen L\u00e4nder ist, dass es eine Priorit\u00e4t ihrer Erkennung und fr\u00fchen Behandlung, um die Verz\u00f6gerung von den nat\u00fcrlichen Verlauf der Krankheit zu erhalten ist. Es wird gesch\u00e4tzt, dass eine Intervention, die die Krankheit f\u00fcnf Jahre verz\u00f6gern w\u00fcrde die Zahl der Patienten mit Alzheimer-Krankheit in mehr als die H\u00e4lfte verringern &#8221; <\/p>\n<p> <strong>n\u00e4chsten Jahresversammlung des SAN<\/strong> <\/p>\n<p> Alzheimer-Krankheit und anderen neurologischen Erkrankungen wie Kopfschmerzen, Multiple SkleroseParkinson-Krankheit, Epilepsie, Huntington-Krankheit oder die Behandlung des Strichs diskutiert werden auf der 34TH annual Meeting of SAN, die von 13 bis 15 Oktober in dem Palacio de Congresos von Cadiz stattfinden wird, und es wird unter der Leitung von Dr. Santiago Cousido (Direktorin der Einheit des Management-Klinik f\u00fcr Neurologie des Hospital Universitario Puerta del Mar)(, C\u00e1diz). <\/p>\n<p><\/font><\/p>\n","protected":false},"excerpt":{"rendered":"<p>De Andaluc\u00eda, es wird gesch\u00e4tzt, dass 30 % der Patienten mit Alzheimer-Krankheit noch nicht diagnostizierten ist. &#8211; unter dem Motto jede Diagnose, eine Person &#8221; findet morgen die Tag-Welt der Alzheimers, eine degenerative Gehirn-Krankheit, die eine 4.2 bis 6 % der spanischen Bev\u00f6lkerung \u00fcber 65 betrifft -der andalusischen-Gesellschaft f\u00fcr Neurologie empfehlen die das Gesundheitssystem haben [&hellip;]<\/p>\n","protected":false},"author":1,"featured_media":0,"comment_status":"close","ping_status":"open","sticky":false,"template":"","format":"standard","meta":{"footnotes":""},"categories":[3],"tags":[6021],"class_list":["post-1514","post","type-post","status-publish","format-standard","hentry","category-allgemeine","tag-bewertungssystem","et-doesnt-have-format-content","et_post_format-et-post-format-standard"],"_links":{"self":[{"href":"https:\/\/www.best-dentist-dentistry.com\/de\/wp-json\/wp\/v2\/posts\/1514","targetHints":{"allow":["GET"]}}],"collection":[{"href":"https:\/\/www.best-dentist-dentistry.com\/de\/wp-json\/wp\/v2\/posts"}],"about":[{"href":"https:\/\/www.best-dentist-dentistry.com\/de\/wp-json\/wp\/v2\/types\/post"}],"author":[{"embeddable":true,"href":"https:\/\/www.best-dentist-dentistry.com\/de\/wp-json\/wp\/v2\/users\/1"}],"replies":[{"embeddable":true,"href":"https:\/\/www.best-dentist-dentistry.com\/de\/wp-json\/wp\/v2\/comments?post=1514"}],"version-history":[{"count":0,"href":"https:\/\/www.best-dentist-dentistry.com\/de\/wp-json\/wp\/v2\/posts\/1514\/revisions"}],"wp:attachment":[{"href":"https:\/\/www.best-dentist-dentistry.com\/de\/wp-json\/wp\/v2\/media?parent=1514"}],"wp:term":[{"taxonomy":"category","embeddable":true,"href":"https:\/\/www.best-dentist-dentistry.com\/de\/wp-json\/wp\/v2\/categories?post=1514"},{"taxonomy":"post_tag","embeddable":true,"href":"https:\/\/www.best-dentist-dentistry.com\/de\/wp-json\/wp\/v2\/tags?post=1514"}],"curies":[{"name":"wp","href":"https:\/\/api.w.org\/{rel}","templated":true}]}}